{"id":809,"date":"2018-11-15T00:00:44","date_gmt":"2018-11-15T00:00:44","guid":{"rendered":"http:\/\/www.jornalnotiserra.com.br\/?p=809"},"modified":"2018-11-15T00:00:44","modified_gmt":"2018-11-15T00:00:44","slug":"colheita-do-trigo-esta-quase-concluida-no-rs","status":"publish","type":"post","link":"https:\/\/www.jornalnotiserra.com.br\/index.php\/2018\/11\/15\/colheita-do-trigo-esta-quase-concluida-no-rs\/","title":{"rendered":"Colheita do Trigo est\u00e1 quase conclu\u00edda no RS"},"content":{"rendered":"<p style=\"text-align: justify;\">&nbsp;&nbsp;&nbsp;&nbsp;&nbsp;&nbsp;&nbsp;&nbsp;&nbsp; A colheita do trigo andou em ritmo forte nesta semana, atingindo 90% da \u00e1rea produtiva do Estado, restando 10% das \u00e1reas com o trigo maduro e por colher, o que dever\u00e1 ocorrer at\u00e9 o dia 25 deste m\u00eas. \u00c0 medida que a colheita avan\u00e7ou, as produtividades e a qualidade do produto foram reduzindo. De acordo com o Informativo Conjuntural divulgado pela Emater\/RS-Ascar nesta quarta-feira (14\/11), h\u00e1 grande variabilidade de produtividade entre as lavouras, variando entre 2,2 t\/ha a 2,9 t\/ha, dependendo da regi\u00e3o. Poucas lavouras apresentaram peso do hectolitro superior a 78. Ap\u00f3s as chuvas, a qualidade do produto ficou mais comprometida, com peso do hectolitro entre 71 e 76. Boas quantidades de trigo colhido foram comercializadas na forma de \u0093triguilho\u0094, sendo destinadas \u00e0 fabrica\u00e7\u00e3o de ra\u00e7\u00e3o animal.<br \/>\n&nbsp;&nbsp;&nbsp;&nbsp;&nbsp;&nbsp;&nbsp; Tamb\u00e9m para os pr\u00f3ximos dias deve ser conclu\u00edda a colheita da cevada, restando apenas cerca de 10% da \u00e1rea, basicamente nas regi\u00f5es Celeiro e Alto Jacu\u00ed. A produtividade est\u00e1 na m\u00e9dia de 2.500 kg\/ha, frustrando a expectativa dos produtores, que esperavam colher acima de 3 t\/ha. Al\u00e9m da redu\u00e7\u00e3o de rendimento, a qualidade tamb\u00e9m n\u00e3o atingiu o padr\u00e3o desejado para a maltea\u00e7\u00e3o, sendo grande parte classificada como forrageira. O pre\u00e7o referencial para cevada cervejeira \u00e9 de R$ 40,00\/saca de 60 quilos; para a forrageira, R$ 23,00\/sc.<\/p>\n<p><strong>CULTURAS DE VER\u00c3O<\/strong><br \/>\nNesta semana, a \u00e1rea semeada com milho no Estado chegou a 81% da projetada inicialmente (738 mil ha), estando 66% em desenvolvimento vegetativo, 9% em flora\u00e7\u00e3o e 4% em enchimento de gr\u00e3o. Em boa parte dos munic\u00edpios produtores, especialmente no Noroeste, j\u00e1 foi implantada a primeira safra. O padr\u00e3o das lavouras \u00e9 muito bom, boa \u00e1rea folhar, bom aspecto fitossanit\u00e1rio e alta densidade populacional de plantas. As lavouras com excelente desenvolvimento at\u00e9 o momento, demonstrando \u00f3timo potencial produtivo.<br \/>\n&nbsp;&nbsp;&nbsp;&nbsp;&nbsp;&nbsp;&nbsp;&nbsp;&nbsp; O plantio da lavoura de soja no Estado se intensificou no \u00faltimo per\u00edodo, atingindo cerca de 48% de \u00e1rea estimada (5,9 milh\u00f5es de hectares), beneficiado pelas condi\u00e7\u00f5es meteorol\u00f3gicas da semana. J\u00e1 s\u00e3o observadas lavouras do cedo com forma\u00e7\u00e3o de bom estande de plantas. Nas regi\u00f5es produtoras, 40% das lavouras implantadas est\u00e3o em germina\u00e7\u00e3o e desenvolvimento vegetativo.<br \/>\n&nbsp;&nbsp;&nbsp;&nbsp;&nbsp;&nbsp;&nbsp;&nbsp;&nbsp; Como houve problemas de germina\u00e7\u00e3o das sementes, foi necess\u00e1rio o replantio da soja, em uma percentagem muito pequena da \u00e1rea semeada, como consequ\u00eancia da grande intensidade de chuvas do final de outubro sobre as \u00e1reas rec\u00e9m-plantadas, prejudicas em raz\u00e3o da crosta de terra, formada pelo ac\u00famulo de \u00e1gua e tamb\u00e9m pela eros\u00e3o laminar e tombamento de pl\u00e2ntulas (damping off).&nbsp;<br \/>\n&nbsp;&nbsp;&nbsp;&nbsp;&nbsp;&nbsp;&nbsp;&nbsp;&nbsp; A cultura do arroz est\u00e1 nas fases de semeadura, germina\u00e7\u00e3o\/emerg\u00eancia e desenvolvimento vegetativo. Com as condi\u00e7\u00f5es meteorol\u00f3gicas ocorridas nesses \u00faltimos dias, houve acelera\u00e7\u00e3o do plantio, elevando o percentual para o Estado para cerca de 90% da \u00e1rea de inten\u00e7\u00e3o de plantio, estando 87% da \u00e1rea em germina\u00e7\u00e3o e desenvolvimento vegetativo.<br \/>\n&nbsp;&nbsp;&nbsp;&nbsp;&nbsp;&nbsp;&nbsp;&nbsp;&nbsp; Ainda no arroz, na Zona Sul, em Rio Grande, j\u00e1 foram semeados 91% da inten\u00e7\u00e3o de plantio; em Jaguar\u00e3o, 89%; em Pelotas, 90% e Santa Vit\u00f3ria do Palmar est\u00e1 100% semeados. Na Fronteira Oeste, em Uruguaiana, os orizicultores j\u00e1 encerraram o plantio dos 82 mil hectares estimados inicialmente. J\u00e1 no Litoral Norte, nas Costeiras Lagunares e no Centro-Sul, a atividade de plantio j\u00e1 ultrapassa os 82% da \u00e1rea e deve ser conclu\u00eddo at\u00e9 o final de novembro.<br \/>\n&nbsp;&nbsp;&nbsp;&nbsp;&nbsp;&nbsp;&nbsp;&nbsp; As lavouras de feij\u00e3o se encontram em sua maioria em est\u00e1gios de desenvolvimento vegetativo (50%) e de flora\u00e7\u00e3o (23%), apresentando \u00f3timo stand a campo, sendo que 82% das \u00e1reas estimadas foram semeadas. Realiza-se neste momento a aplica\u00e7\u00e3o de fungicidas e inseticidas para controle das principais doen\u00e7as e pragas. O clima \u00e9 favor\u00e1vel ao desenvolvimento da cultura.<\/p>\n<p><strong>OLERICULTURA E FRUTICULTURA<\/strong><br \/>\nBatata-doce &#8211; N\u00e3o h\u00e1 proje\u00e7\u00e3o de amplia\u00e7\u00e3o de \u00e1rea na regi\u00e3o Centro-Sul, e sim risco de redu\u00e7\u00e3o pela poss\u00edvel falta de mudas. No momento as principais fases s\u00e3o de preparo do solo e plantio. At\u00e9 o momento, estima-se que j\u00e1 tenha sido implantado em torno de 80% da \u00e1rea tradicional, com bom desenvolvimento vegetativo. A semana ensolarada favoreceu o plantio. Essa safra de 2018-2019 ser\u00e1 dividida em duas etapas: o plantio normal, entre setembro a novembro, ocorrendo atualmente; e o do tarde, entre janeiro e fevereiro.<br \/>\n&nbsp;&nbsp;&nbsp;&nbsp;&nbsp;&nbsp;&nbsp;&nbsp;&nbsp; P\u00eassego \u0096 Na Serra ga\u00facha, as condi\u00e7\u00f5es clim\u00e1ticas foram bastante favor\u00e1veis para o desenvolvimento e a manuten\u00e7\u00e3o da sanidade dos pessegueirais, intensificando a colora\u00e7\u00e3o e o sabor das frutas. Principais pragas da cultura, a mosca-das-frutas e a grafolita (mariposa oriental) ainda n\u00e3o se manifestaram nos pomares, que est\u00e3o sob constante monitoramento, pois, com o aumento normal das temperaturas, \u00e9 natural a tend\u00eancia de infesta\u00e7\u00e3o.<br \/>\n&nbsp;&nbsp;&nbsp;&nbsp;&nbsp;&nbsp;&nbsp; Mel\u00e3o Ga\u00facho \u0096 O munic\u00edpio de Nova Santa Rita tradicionalmente cultiva em torno de 60 hectares, j\u00e1 implantados para esta safra. A colheita dever\u00e1 iniciar na segunda quinzena de novembro, prolongando-se at\u00e9 janeiro. Espera-se produtividade m\u00e9dia de 20 toneladas por hectare e bons pre\u00e7os, acima de R$ 2,30\/kg.<\/p>\n<p><strong>PASTAGENS E CRIA\u00c7\u00d5ES<\/strong><br \/>\n&nbsp;&nbsp;&nbsp;&nbsp;&nbsp;&nbsp;&nbsp;&nbsp;&nbsp; O campo nativo est\u00e1 em pleno desenvolvimento, favorecido pelas condi\u00e7\u00f5es clim\u00e1ticas das \u00faltimas semanas. Em \u00e1reas bem manejadas, com press\u00e3o de pastejo adequada, h\u00e1 boa oferta de pastagem, e os bovinos e ovinos ganham peso. As pastagens de trevos e cornich\u00e3o ainda apresentam boa produ\u00e7\u00e3o, melhorando a oferta de forragem para os rebanhos. Ocorre at\u00e9 o final de novembro a colheita das lavouras de aveia e azev\u00e9m &#8211; que est\u00e3o na fase reprodutiva &#8211; para produ\u00e7\u00e3o de sementes. Nas \u00e1reas com integra\u00e7\u00e3o lavoura-pecu\u00e1ria ocorre a desseca\u00e7\u00e3o das pastagens para implanta\u00e7\u00e3o principalmente da cultura de soja. Intensificam-se a implanta\u00e7\u00e3o das forrageiras de ver\u00e3o e a aduba\u00e7\u00e3o em cobertura para acelerar a produ\u00e7\u00e3o de massa verde.<br \/>\n<strong>Piscicultura &#8211;<\/strong> Continuam as reservas de alevinos e o planejamento do pr\u00f3ximo per\u00edodo produtivo. Na regi\u00e3o de Santa Rosa, ocorre o per\u00edodo de defeso, em que a pesca comercial \u00e9 proibida nos rios, em fun\u00e7\u00e3o do per\u00edodo de piracema, quando os peixes est\u00e3o subindo os rios para reprodu\u00e7\u00e3o. Est\u00e3o sendo agendados hor\u00e1rios de atendimento junto ao INSS para que os pescadores encaminhem o seguro.<\/p>\n<p><strong><em>Fonte: Emater<\/em><\/strong><\/p>\n","protected":false},"excerpt":{"rendered":"<p>&nbsp;&nbsp;&nbsp;&nbsp;&nbsp;&nbsp;&nbsp;&nbsp;&nbsp; A colheita do trigo andou em ritmo forte nesta semana, atingindo 90% da \u00e1rea produtiva do Estado, restando 10% das \u00e1reas com o trigo maduro e por colher, o que dever\u00e1 ocorrer at\u00e9 o dia 25 deste m\u00eas. \u00c0 medida que a colheita avan\u00e7ou, as produtividades e a qualidade do produto foram reduzindo. De&#8230;<\/p>\n","protected":false},"author":7,"featured_media":810,"comment_status":"open","ping_status":"open","sticky":false,"template":"","format":"standard","meta":[],"categories":[43],"tags":[],"_links":{"self":[{"href":"https:\/\/www.jornalnotiserra.com.br\/index.php\/wp-json\/wp\/v2\/posts\/809"}],"collection":[{"href":"https:\/\/www.jornalnotiserra.com.br\/index.php\/wp-json\/wp\/v2\/posts"}],"about":[{"href":"https:\/\/www.jornalnotiserra.com.br\/index.php\/wp-json\/wp\/v2\/types\/post"}],"author":[{"embeddable":true,"href":"https:\/\/www.jornalnotiserra.com.br\/index.php\/wp-json\/wp\/v2\/users\/7"}],"replies":[{"embeddable":true,"href":"https:\/\/www.jornalnotiserra.com.br\/index.php\/wp-json\/wp\/v2\/comments?post=809"}],"version-history":[{"count":1,"href":"https:\/\/www.jornalnotiserra.com.br\/index.php\/wp-json\/wp\/v2\/posts\/809\/revisions"}],"predecessor-version":[{"id":811,"href":"https:\/\/www.jornalnotiserra.com.br\/index.php\/wp-json\/wp\/v2\/posts\/809\/revisions\/811"}],"wp:featuredmedia":[{"embeddable":true,"href":"https:\/\/www.jornalnotiserra.com.br\/index.php\/wp-json\/wp\/v2\/media\/810"}],"wp:attachment":[{"href":"https:\/\/www.jornalnotiserra.com.br\/index.php\/wp-json\/wp\/v2\/media?parent=809"}],"wp:term":[{"taxonomy":"category","embeddable":true,"href":"https:\/\/www.jornalnotiserra.com.br\/index.php\/wp-json\/wp\/v2\/categories?post=809"},{"taxonomy":"post_tag","embeddable":true,"href":"https:\/\/www.jornalnotiserra.com.br\/index.php\/wp-json\/wp\/v2\/tags?post=809"}],"curies":[{"name":"wp","href":"https:\/\/api.w.org\/{rel}","templated":true}]}}