{"id":3201,"date":"2020-04-30T23:47:56","date_gmt":"2020-04-30T23:47:56","guid":{"rendered":"https:\/\/www.jornalnotiserra.com.br\/?p=3201"},"modified":"2020-04-30T23:56:42","modified_gmt":"2020-04-30T23:56:42","slug":"3201","status":"publish","type":"post","link":"https:\/\/www.jornalnotiserra.com.br\/index.php\/2020\/04\/30\/3201\/","title":{"rendered":"BM realiza pris\u00e3o de indiv\u00edduo que portava arma"},"content":{"rendered":"<p>No final da tarde desta quinta-feira (30), por volta das 18h, a Brigada Militar abordou A.L. R. na Av Felix Fachinetto, em Arvoezinha, o qual conduzia um ve\u00edculo Fiat Uno e ao descer do ve\u00edculo, jogou a arma que estava em sua m\u00e3o, junto a um moletom para dentro do ve\u00edculo, ap\u00f3s ao ordem de parar.<\/p>\n<p>Os policiais realizaram revista pessoal e veicular, encontrando em cima do banco do motorista, um moleton e junto uma pistola 9 mm municiada com 12 cartuchos intactos.<\/p>\n<p>O indiv\u00edduo recebeu voz\u00a0 de pris\u00e3o e por receio de fuga e para preservar a integridade f\u00edsica dos envolvidos, o mesmo foi algemado. A parte foi encaminhada \u00e0 DPPA de Soledade.<\/p>\n","protected":false},"excerpt":{"rendered":"<p>No final da tarde desta quinta-feira (30), por volta das 18h, a Brigada Militar abordou A.L. R. na Av Felix Fachinetto, em Arvoezinha, o qual conduzia um ve\u00edculo Fiat Uno e ao descer do ve\u00edculo, jogou a arma que estava em sua m\u00e3o, junto a um moletom para dentro do ve\u00edculo, ap\u00f3s ao ordem de&#8230;<\/p>\n","protected":false},"author":7,"featured_media":3202,"comment_status":"open","ping_status":"open","sticky":false,"template":"","format":"standard","meta":[],"categories":[45],"tags":[],"_links":{"self":[{"href":"https:\/\/www.jornalnotiserra.com.br\/index.php\/wp-json\/wp\/v2\/posts\/3201"}],"collection":[{"href":"https:\/\/www.jornalnotiserra.com.br\/index.php\/wp-json\/wp\/v2\/posts"}],"about":[{"href":"https:\/\/www.jornalnotiserra.com.br\/index.php\/wp-json\/wp\/v2\/types\/post"}],"author":[{"embeddable":true,"href":"https:\/\/www.jornalnotiserra.com.br\/index.php\/wp-json\/wp\/v2\/users\/7"}],"replies":[{"embeddable":true,"href":"https:\/\/www.jornalnotiserra.com.br\/index.php\/wp-json\/wp\/v2\/comments?post=3201"}],"version-history":[{"count":4,"href":"https:\/\/www.jornalnotiserra.com.br\/index.php\/wp-json\/wp\/v2\/posts\/3201\/revisions"}],"predecessor-version":[{"id":3206,"href":"https:\/\/www.jornalnotiserra.com.br\/index.php\/wp-json\/wp\/v2\/posts\/3201\/revisions\/3206"}],"wp:featuredmedia":[{"embeddable":true,"href":"https:\/\/www.jornalnotiserra.com.br\/index.php\/wp-json\/wp\/v2\/media\/3202"}],"wp:attachment":[{"href":"https:\/\/www.jornalnotiserra.com.br\/index.php\/wp-json\/wp\/v2\/media?parent=3201"}],"wp:term":[{"taxonomy":"category","embeddable":true,"href":"https:\/\/www.jornalnotiserra.com.br\/index.php\/wp-json\/wp\/v2\/categories?post=3201"},{"taxonomy":"post_tag","embeddable":true,"href":"https:\/\/www.jornalnotiserra.com.br\/index.php\/wp-json\/wp\/v2\/tags?post=3201"}],"curies":[{"name":"wp","href":"https:\/\/api.w.org\/{rel}","templated":true}]}}