{"id":3173,"date":"2020-04-28T13:14:37","date_gmt":"2020-04-28T13:14:37","guid":{"rendered":"https:\/\/www.jornalnotiserra.com.br\/?p=3173"},"modified":"2020-04-28T13:14:37","modified_gmt":"2020-04-28T13:14:37","slug":"franciscon-sugere-o-adiamento-do-dia-das-maes-no-pais","status":"publish","type":"post","link":"https:\/\/www.jornalnotiserra.com.br\/index.php\/2020\/04\/28\/franciscon-sugere-o-adiamento-do-dia-das-maes-no-pais\/","title":{"rendered":"Franciscon sugere o adiamento do Dia das M\u00e3es no pa\u00eds"},"content":{"rendered":"<p>Na reuni\u00e3o da Comiss\u00e3o de Economia, Desenvolvimento Sustent\u00e1vel e do Turismo da Assembleia Legislativa, o deputado Dirceu Franciscon (PTB) sugeriu aos demais colegas a posterga\u00e7\u00e3o da comemora\u00e7\u00e3o do Dia das M\u00e3es deste ano para setembro ou outubro. A iniciativa tem como objetivo proteger o com\u00e9rcio de presentes e de alimenta\u00e7\u00e3o, pois \u00e9 a segunda data de maior movimenta\u00e7\u00e3o financeira, perdendo apenas para o Natal. A ideia tamb\u00e9m visa a uni\u00e3o das fam\u00edlias num momento mais seguro, que agora n\u00e3o ser\u00e1 poss\u00edvel por causa da pandemia da Covid-19.<\/p>\n<p>Para Franciscon, se a data normal for mantida, esse com\u00e9rcio ser\u00e1 altamente prejudicado, pois o n\u00famero de vendas tende a cair consideravelmente, \u201clembrei aos colegas que o Dia das M\u00e3es \u00e9 estabelecido por decreto federal, e que n\u00e3o necessitaria de uma legisla\u00e7\u00e3o espec\u00edfica no Congresso para sua delibera\u00e7\u00e3o\u201d. Ele conclui, \u201cdevemos articular junto ao governo federal para que a data seja modificada a n\u00edvel nacional, pois muitas empresas do Rio Grande do Sul vendem para outros Estados\u201d.<\/p>\n","protected":false},"excerpt":{"rendered":"<p>Na reuni\u00e3o da Comiss\u00e3o de Economia, Desenvolvimento Sustent\u00e1vel e do Turismo da Assembleia Legislativa, o deputado Dirceu Franciscon (PTB) sugeriu aos demais colegas a posterga\u00e7\u00e3o da comemora\u00e7\u00e3o do Dia das M\u00e3es deste ano para setembro ou outubro. A iniciativa tem como objetivo proteger o com\u00e9rcio de presentes e de alimenta\u00e7\u00e3o, pois \u00e9 a segunda data&#8230;<\/p>\n","protected":false},"author":7,"featured_media":3174,"comment_status":"open","ping_status":"open","sticky":false,"template":"","format":"standard","meta":[],"categories":[39],"tags":[],"_links":{"self":[{"href":"https:\/\/www.jornalnotiserra.com.br\/index.php\/wp-json\/wp\/v2\/posts\/3173"}],"collection":[{"href":"https:\/\/www.jornalnotiserra.com.br\/index.php\/wp-json\/wp\/v2\/posts"}],"about":[{"href":"https:\/\/www.jornalnotiserra.com.br\/index.php\/wp-json\/wp\/v2\/types\/post"}],"author":[{"embeddable":true,"href":"https:\/\/www.jornalnotiserra.com.br\/index.php\/wp-json\/wp\/v2\/users\/7"}],"replies":[{"embeddable":true,"href":"https:\/\/www.jornalnotiserra.com.br\/index.php\/wp-json\/wp\/v2\/comments?post=3173"}],"version-history":[{"count":1,"href":"https:\/\/www.jornalnotiserra.com.br\/index.php\/wp-json\/wp\/v2\/posts\/3173\/revisions"}],"predecessor-version":[{"id":3175,"href":"https:\/\/www.jornalnotiserra.com.br\/index.php\/wp-json\/wp\/v2\/posts\/3173\/revisions\/3175"}],"wp:featuredmedia":[{"embeddable":true,"href":"https:\/\/www.jornalnotiserra.com.br\/index.php\/wp-json\/wp\/v2\/media\/3174"}],"wp:attachment":[{"href":"https:\/\/www.jornalnotiserra.com.br\/index.php\/wp-json\/wp\/v2\/media?parent=3173"}],"wp:term":[{"taxonomy":"category","embeddable":true,"href":"https:\/\/www.jornalnotiserra.com.br\/index.php\/wp-json\/wp\/v2\/categories?post=3173"},{"taxonomy":"post_tag","embeddable":true,"href":"https:\/\/www.jornalnotiserra.com.br\/index.php\/wp-json\/wp\/v2\/tags?post=3173"}],"curies":[{"name":"wp","href":"https:\/\/api.w.org\/{rel}","templated":true}]}}