{"id":3166,"date":"2020-04-27T14:00:45","date_gmt":"2020-04-27T14:00:45","guid":{"rendered":"https:\/\/www.jornalnotiserra.com.br\/?p=3166"},"modified":"2020-04-28T00:03:25","modified_gmt":"2020-04-28T00:03:25","slug":"municipios-ja-sentem-a-ocupacao-dos-leitos-por-covid-19","status":"publish","type":"post","link":"https:\/\/www.jornalnotiserra.com.br\/index.php\/2020\/04\/27\/municipios-ja-sentem-a-ocupacao-dos-leitos-por-covid-19\/","title":{"rendered":"Munic\u00edpios j\u00e1 sentem a ocupa\u00e7\u00e3o dos leitos por Covid-19"},"content":{"rendered":"<p style=\"text-align: center;\"><strong>Lajeado est\u00e1 em 100% da sua ocupa\u00e7\u00e3o de leitos<\/strong><\/p>\n<p>O Hospital Bruno Born de Lajeado j\u00e1 est\u00e1 com todos os leitos da UTI Covid-19 ocupados, sendo que na madrugada desta segunda-feira (27), sete infectados e seis casos suspeitos da Covid-19, ocuparam os 13 leitos\u00a0 existentes. A UTI Covid est\u00e1 em seu plano m\u00e1ximo de ocupa\u00e7\u00e3o.<\/p>\n<p>Lajeado est\u00e1 em terceiro lugar no estado entre os munic\u00edpios com maior n\u00famero de casos, sendo 51 casos positivos e duas mortes, at\u00e9 a manh\u00e3 desta segunda-feira (27) e uma terceira morte suspeita pela infec\u00e7\u00e3o.<\/p>\n<p>Passo Fundo \u00e9 outro munic\u00edpio preocupante e est\u00e1 em segundo lugar no n\u00famero de casos positivos no estado, sendo contabilizados at\u00e9 a manh\u00e3 desta segunda-feira (27), 102 casos positivos e 9 mortes.<\/p>\n<p>Tanto Lajeado como Passo Fundo, s\u00e3o unidades de busca por maiores recursos da \u00e1rea de sa\u00fade pelos munic\u00edpios menores e da regi\u00e3o, munic\u00edpios estes que j\u00e1 est\u00e3o enfrentando dificuldades no atendimento aos infectados pela Covid-19.<\/p>\n<p>O munic\u00edpio de Encantado j\u00e1 est\u00e1 com transmiss\u00e3o comunit\u00e1ria e Arvorezinha j\u00e1 est\u00e1 tamb\u00e9m com caso confirmado.<\/p>\n<p>Em Manaus a realidade \u00e9 bem pior, onde j\u00e1 se vive o colapso na sa\u00fade, tendo que fazerem a escolha entre quem poder\u00e1, digamos assim, viver ou morrer, pois est\u00e3o tendo que escolher quem poder\u00e1 ocupar os respiradores.<\/p>\n<p>A situa\u00e7\u00e3o exige cada vez mais cuidados de prote\u00e7\u00e3o pela popula\u00e7\u00e3o, no tocante \u00e0 prote\u00e7\u00e3o, higieniza\u00e7\u00e3o e distanciamento social.<\/p>\n<p>&nbsp;<\/p>\n","protected":false},"excerpt":{"rendered":"<p>Lajeado est\u00e1 em 100% da sua ocupa\u00e7\u00e3o de leitos O Hospital Bruno Born de Lajeado j\u00e1 est\u00e1 com todos os leitos da UTI Covid-19 ocupados, sendo que na madrugada desta segunda-feira (27), sete infectados e seis casos suspeitos da Covid-19, ocuparam os 13 leitos\u00a0 existentes. A UTI Covid est\u00e1 em seu plano m\u00e1ximo de ocupa\u00e7\u00e3o&#8230;.<\/p>\n","protected":false},"author":7,"featured_media":3167,"comment_status":"open","ping_status":"open","sticky":false,"template":"","format":"standard","meta":[],"categories":[16],"tags":[],"_links":{"self":[{"href":"https:\/\/www.jornalnotiserra.com.br\/index.php\/wp-json\/wp\/v2\/posts\/3166"}],"collection":[{"href":"https:\/\/www.jornalnotiserra.com.br\/index.php\/wp-json\/wp\/v2\/posts"}],"about":[{"href":"https:\/\/www.jornalnotiserra.com.br\/index.php\/wp-json\/wp\/v2\/types\/post"}],"author":[{"embeddable":true,"href":"https:\/\/www.jornalnotiserra.com.br\/index.php\/wp-json\/wp\/v2\/users\/7"}],"replies":[{"embeddable":true,"href":"https:\/\/www.jornalnotiserra.com.br\/index.php\/wp-json\/wp\/v2\/comments?post=3166"}],"version-history":[{"count":5,"href":"https:\/\/www.jornalnotiserra.com.br\/index.php\/wp-json\/wp\/v2\/posts\/3166\/revisions"}],"predecessor-version":[{"id":3172,"href":"https:\/\/www.jornalnotiserra.com.br\/index.php\/wp-json\/wp\/v2\/posts\/3166\/revisions\/3172"}],"wp:featuredmedia":[{"embeddable":true,"href":"https:\/\/www.jornalnotiserra.com.br\/index.php\/wp-json\/wp\/v2\/media\/3167"}],"wp:attachment":[{"href":"https:\/\/www.jornalnotiserra.com.br\/index.php\/wp-json\/wp\/v2\/media?parent=3166"}],"wp:term":[{"taxonomy":"category","embeddable":true,"href":"https:\/\/www.jornalnotiserra.com.br\/index.php\/wp-json\/wp\/v2\/categories?post=3166"},{"taxonomy":"post_tag","embeddable":true,"href":"https:\/\/www.jornalnotiserra.com.br\/index.php\/wp-json\/wp\/v2\/tags?post=3166"}],"curies":[{"name":"wp","href":"https:\/\/api.w.org\/{rel}","templated":true}]}}