{"id":3078,"date":"2020-03-28T17:04:32","date_gmt":"2020-03-28T17:04:32","guid":{"rendered":"https:\/\/www.jornalnotiserra.com.br\/?p=3078"},"modified":"2020-03-28T17:04:32","modified_gmt":"2020-03-28T17:04:32","slug":"decreto-autoriza-funcionamento-maximo-de-50","status":"publish","type":"post","link":"https:\/\/www.jornalnotiserra.com.br\/index.php\/2020\/03\/28\/decreto-autoriza-funcionamento-maximo-de-50\/","title":{"rendered":"Decreto autoriza funcionamento m\u00e1ximo de 50%"},"content":{"rendered":"<p style=\"text-align: center;\"><strong>Medidas passam a valer a partir de segunda-feira<\/strong><\/p>\n<p>Neste s\u00e1bado (28), a Administra\u00e7\u00e3o Municipal de Encantado emitiu novo decreto municipal autorizando o funcionamento com capacidade m\u00e1xima de 50% do com\u00e9rcio e presta\u00e7\u00e3o de servi\u00e7os a partir da pr\u00f3xima segunda-feira, 30 de mar\u00e7o.<\/p>\n<p>Os servi\u00e7os dever\u00e3o funcionar com todas as determina\u00e7\u00f5es do Minist\u00e9rio da Sa\u00fade, Secretaria Estadual de Sa\u00fade e Secretaria de Sa\u00fade de Encantado.<\/p>\n<p>O novo decreto determina o funcionamento dos centros comerciais e estabelecimentos comerciais e de presta\u00e7\u00e3o de servi\u00e7os, devendo prestar atendimento com capacidade m\u00e1xima de 50% conforme previs\u00e3o no Alvar\u00e1 de Funcionamento ou Plano de Preven\u00e7\u00e3o Contra Inc\u00eandio &#8211; PPCI, bem como pessoas sentadas, com op\u00e7\u00e3o de tele entrega.<\/p>\n<p>Os atendimentos poder\u00e3o ser realizados das 8h \u00e0s 20h, excetuado-se as farm\u00e1cias e cl\u00ednicas da \u00e1rea de sa\u00fade que poder\u00e3o funcionar 24h por dia.<\/p>\n<p>As determina\u00e7\u00f5es tamb\u00e9m incluem cria\u00e7\u00e3o de hor\u00e1rios espec\u00edficos para atendimento a pessoas com idades acima de 60 anos, com exig\u00eancia de documenta\u00e7\u00e3o que comprove a idade. Al\u00e9m das precau\u00e7\u00f5es com higieniza\u00e7\u00e3o, uso de m\u00e1scaras, equipes reduzidas com revezamento de turnos, com redu\u00e7\u00e3o de fluxos, entre outras medidas de preven\u00e7\u00e3o que j\u00e1 \u00e9 de conhecimento de todos.<\/p>\n<p>A aplica\u00e7\u00e3o de penalidades de mulas variam de R$ 260,00, ap\u00f3s reincid\u00eancia no valor de R$ 520,00 e cassa\u00e7\u00e3o de alvar\u00e1 a quem descumprir as medidas.<\/p>\n<p>Quanto ao funcionamento das escolas, o munic\u00edpio adotar\u00e1 a mesma medida do Governo do Estado.<\/p>\n<p>&nbsp;<\/p>\n","protected":false},"excerpt":{"rendered":"<p>Medidas passam a valer a partir de segunda-feira Neste s\u00e1bado (28), a Administra\u00e7\u00e3o Municipal de Encantado emitiu novo decreto municipal autorizando o funcionamento com capacidade m\u00e1xima de 50% do com\u00e9rcio e presta\u00e7\u00e3o de servi\u00e7os a partir da pr\u00f3xima segunda-feira, 30 de mar\u00e7o. Os servi\u00e7os dever\u00e3o funcionar com todas as determina\u00e7\u00f5es do Minist\u00e9rio da Sa\u00fade, Secretaria&#8230;<\/p>\n","protected":false},"author":7,"featured_media":3079,"comment_status":"open","ping_status":"open","sticky":false,"template":"","format":"standard","meta":[],"categories":[47],"tags":[],"_links":{"self":[{"href":"https:\/\/www.jornalnotiserra.com.br\/index.php\/wp-json\/wp\/v2\/posts\/3078"}],"collection":[{"href":"https:\/\/www.jornalnotiserra.com.br\/index.php\/wp-json\/wp\/v2\/posts"}],"about":[{"href":"https:\/\/www.jornalnotiserra.com.br\/index.php\/wp-json\/wp\/v2\/types\/post"}],"author":[{"embeddable":true,"href":"https:\/\/www.jornalnotiserra.com.br\/index.php\/wp-json\/wp\/v2\/users\/7"}],"replies":[{"embeddable":true,"href":"https:\/\/www.jornalnotiserra.com.br\/index.php\/wp-json\/wp\/v2\/comments?post=3078"}],"version-history":[{"count":1,"href":"https:\/\/www.jornalnotiserra.com.br\/index.php\/wp-json\/wp\/v2\/posts\/3078\/revisions"}],"predecessor-version":[{"id":3080,"href":"https:\/\/www.jornalnotiserra.com.br\/index.php\/wp-json\/wp\/v2\/posts\/3078\/revisions\/3080"}],"wp:featuredmedia":[{"embeddable":true,"href":"https:\/\/www.jornalnotiserra.com.br\/index.php\/wp-json\/wp\/v2\/media\/3079"}],"wp:attachment":[{"href":"https:\/\/www.jornalnotiserra.com.br\/index.php\/wp-json\/wp\/v2\/media?parent=3078"}],"wp:term":[{"taxonomy":"category","embeddable":true,"href":"https:\/\/www.jornalnotiserra.com.br\/index.php\/wp-json\/wp\/v2\/categories?post=3078"},{"taxonomy":"post_tag","embeddable":true,"href":"https:\/\/www.jornalnotiserra.com.br\/index.php\/wp-json\/wp\/v2\/tags?post=3078"}],"curies":[{"name":"wp","href":"https:\/\/api.w.org\/{rel}","templated":true}]}}