{"id":2981,"date":"2020-03-21T00:43:57","date_gmt":"2020-03-21T00:43:57","guid":{"rendered":"https:\/\/www.jornalnotiserra.com.br\/?p=2981"},"modified":"2020-03-27T00:15:33","modified_gmt":"2020-03-27T00:15:33","slug":"anta-gorda-publica-decreto-para-suspender-atividades","status":"publish","type":"post","link":"https:\/\/www.jornalnotiserra.com.br\/index.php\/2020\/03\/21\/anta-gorda-publica-decreto-para-suspender-atividades\/","title":{"rendered":"Anta Gorda publica decreto para suspender atividades"},"content":{"rendered":"<p>O munic\u00edpio de Anta Gorda decretou Situa\u00e7\u00e3o de Calamidade P\u00fablica nesta sexta-feira (20), suspendendo atividades comerciais por tempo indeterminado, com exce\u00e7\u00e3o dos mercados, farm\u00e1cias, postos de combust\u00edveis, ag\u00eancias banc\u00e1rias, provedores de internet, cl\u00ednicas de atendimentos na \u00e1rea da sa\u00fade, hospitais, concession\u00e1rias de energia el\u00e9trica e telefonia, agropecu\u00e1rias, restaurantes e padarias, que tamb\u00e9m ter\u00e3o restri\u00e7\u00e3o para funcionamento at\u00e9 \u00e0s 20h.<\/p>\n<p>A prefeita pediu para que todos fa\u00e7am o m\u00e1ximo poss\u00edvel para se resguardar em isolamento contribuindo para n\u00e3o se contaminar e n\u00e3o propagar o v\u00edrus.<\/p>\n","protected":false},"excerpt":{"rendered":"<p>O munic\u00edpio de Anta Gorda decretou Situa\u00e7\u00e3o de Calamidade P\u00fablica nesta sexta-feira (20), suspendendo atividades comerciais por tempo indeterminado, com exce\u00e7\u00e3o dos mercados, farm\u00e1cias, postos de combust\u00edveis, ag\u00eancias banc\u00e1rias, provedores de internet, cl\u00ednicas de atendimentos na \u00e1rea da sa\u00fade, hospitais, concession\u00e1rias de energia el\u00e9trica e telefonia, agropecu\u00e1rias, restaurantes e padarias, que tamb\u00e9m ter\u00e3o restri\u00e7\u00e3o para&#8230;<\/p>\n","protected":false},"author":7,"featured_media":0,"comment_status":"open","ping_status":"open","sticky":false,"template":"","format":"standard","meta":[],"categories":[44],"tags":[],"_links":{"self":[{"href":"https:\/\/www.jornalnotiserra.com.br\/index.php\/wp-json\/wp\/v2\/posts\/2981"}],"collection":[{"href":"https:\/\/www.jornalnotiserra.com.br\/index.php\/wp-json\/wp\/v2\/posts"}],"about":[{"href":"https:\/\/www.jornalnotiserra.com.br\/index.php\/wp-json\/wp\/v2\/types\/post"}],"author":[{"embeddable":true,"href":"https:\/\/www.jornalnotiserra.com.br\/index.php\/wp-json\/wp\/v2\/users\/7"}],"replies":[{"embeddable":true,"href":"https:\/\/www.jornalnotiserra.com.br\/index.php\/wp-json\/wp\/v2\/comments?post=2981"}],"version-history":[{"count":2,"href":"https:\/\/www.jornalnotiserra.com.br\/index.php\/wp-json\/wp\/v2\/posts\/2981\/revisions"}],"predecessor-version":[{"id":3043,"href":"https:\/\/www.jornalnotiserra.com.br\/index.php\/wp-json\/wp\/v2\/posts\/2981\/revisions\/3043"}],"wp:attachment":[{"href":"https:\/\/www.jornalnotiserra.com.br\/index.php\/wp-json\/wp\/v2\/media?parent=2981"}],"wp:term":[{"taxonomy":"category","embeddable":true,"href":"https:\/\/www.jornalnotiserra.com.br\/index.php\/wp-json\/wp\/v2\/categories?post=2981"},{"taxonomy":"post_tag","embeddable":true,"href":"https:\/\/www.jornalnotiserra.com.br\/index.php\/wp-json\/wp\/v2\/tags?post=2981"}],"curies":[{"name":"wp","href":"https:\/\/api.w.org\/{rel}","templated":true}]}}