{"id":2679,"date":"2019-12-01T20:53:57","date_gmt":"2019-12-01T20:53:57","guid":{"rendered":"https:\/\/www.jornalnotiserra.com.br\/?p=2679"},"modified":"2019-12-01T20:53:57","modified_gmt":"2019-12-01T20:53:57","slug":"feira-gastronomica-delicias-de-natal-ja-esta-aberta-ao-publico","status":"publish","type":"post","link":"https:\/\/www.jornalnotiserra.com.br\/index.php\/2019\/12\/01\/feira-gastronomica-delicias-de-natal-ja-esta-aberta-ao-publico\/","title":{"rendered":"Feira Gastron\u00f4mica &#8220;Del\u00edcias de Natal&#8221; j\u00e1 est\u00e1 aberta ao p\u00fablico"},"content":{"rendered":"<p>A abertura oficial\u00a0da vig\u00e9sima s\u00e9tima edi\u00e7\u00e3o do Natal no Morro em Arvorezinha ocorre \u00e0s 20h com acendimento das luzes.<\/p>\n<p>A abertura da Feira Gastron\u00f4mica Del\u00edcias de Natal, aconteceu na tarde deste domingo, 01 de dezembro. A Feira ocorre junto ao Morro da Matriz, na Rua Pedro Martins e \u00e9\u00a0 um atrativo a mais para os visitantes, com pra\u00e7a de alimenta\u00e7\u00e3o.Para quem ainda n\u00e3o se programou, ainda d\u00e1 tempo para acompanhar o show com o padre Ezequiel Dalpozzo, que acontece \u00e0s 21h, no Morro da Matriz.<\/p>\n<p><img loading=\"lazy\" class=\"alignnone size-thumbnail wp-image-2681\" src=\"https:\/\/www.jornalnotiserra.com.br\/wp-content\/uploads\/2019\/12\/IMG-20191201-WA0005-150x150.jpg\" alt=\"\" width=\"150\" height=\"150\" srcset=\"https:\/\/www.jornalnotiserra.com.br\/wp-content\/uploads\/2019\/12\/IMG-20191201-WA0005-150x150.jpg 150w, https:\/\/www.jornalnotiserra.com.br\/wp-content\/uploads\/2019\/12\/IMG-20191201-WA0005-300x300.jpg 300w, https:\/\/www.jornalnotiserra.com.br\/wp-content\/uploads\/2019\/12\/IMG-20191201-WA0005-100x100.jpg 100w\" sizes=\"(max-width: 150px) 100vw, 150px\" \/><img loading=\"lazy\" class=\"alignnone size-thumbnail wp-image-2680\" src=\"https:\/\/www.jornalnotiserra.com.br\/wp-content\/uploads\/2019\/12\/IMG-20191201-WA0003-150x150.jpg\" alt=\"\" width=\"150\" height=\"150\" srcset=\"https:\/\/www.jornalnotiserra.com.br\/wp-content\/uploads\/2019\/12\/IMG-20191201-WA0003-150x150.jpg 150w, https:\/\/www.jornalnotiserra.com.br\/wp-content\/uploads\/2019\/12\/IMG-20191201-WA0003-300x300.jpg 300w, https:\/\/www.jornalnotiserra.com.br\/wp-content\/uploads\/2019\/12\/IMG-20191201-WA0003-100x100.jpg 100w\" sizes=\"(max-width: 150px) 100vw, 150px\" \/><img loading=\"lazy\" class=\"alignnone size-thumbnail wp-image-2682\" src=\"https:\/\/www.jornalnotiserra.com.br\/wp-content\/uploads\/2019\/12\/IMG-20191201-WA0004-150x150.jpg\" alt=\"\" width=\"150\" height=\"150\" srcset=\"https:\/\/www.jornalnotiserra.com.br\/wp-content\/uploads\/2019\/12\/IMG-20191201-WA0004-150x150.jpg 150w, https:\/\/www.jornalnotiserra.com.br\/wp-content\/uploads\/2019\/12\/IMG-20191201-WA0004-300x300.jpg 300w, https:\/\/www.jornalnotiserra.com.br\/wp-content\/uploads\/2019\/12\/IMG-20191201-WA0004-100x100.jpg 100w\" sizes=\"(max-width: 150px) 100vw, 150px\" \/><\/p>\n<p>&nbsp;<\/p>\n","protected":false},"excerpt":{"rendered":"<p>A abertura oficial\u00a0da vig\u00e9sima s\u00e9tima edi\u00e7\u00e3o do Natal no Morro em Arvorezinha ocorre \u00e0s 20h com acendimento das luzes. A abertura da Feira Gastron\u00f4mica Del\u00edcias de Natal, aconteceu na tarde deste domingo, 01 de dezembro. A Feira ocorre junto ao Morro da Matriz, na Rua Pedro Martins e \u00e9\u00a0 um atrativo a mais para os&#8230;<\/p>\n","protected":false},"author":7,"featured_media":2683,"comment_status":"open","ping_status":"open","sticky":false,"template":"","format":"standard","meta":[],"categories":[45],"tags":[],"_links":{"self":[{"href":"https:\/\/www.jornalnotiserra.com.br\/index.php\/wp-json\/wp\/v2\/posts\/2679"}],"collection":[{"href":"https:\/\/www.jornalnotiserra.com.br\/index.php\/wp-json\/wp\/v2\/posts"}],"about":[{"href":"https:\/\/www.jornalnotiserra.com.br\/index.php\/wp-json\/wp\/v2\/types\/post"}],"author":[{"embeddable":true,"href":"https:\/\/www.jornalnotiserra.com.br\/index.php\/wp-json\/wp\/v2\/users\/7"}],"replies":[{"embeddable":true,"href":"https:\/\/www.jornalnotiserra.com.br\/index.php\/wp-json\/wp\/v2\/comments?post=2679"}],"version-history":[{"count":1,"href":"https:\/\/www.jornalnotiserra.com.br\/index.php\/wp-json\/wp\/v2\/posts\/2679\/revisions"}],"predecessor-version":[{"id":2684,"href":"https:\/\/www.jornalnotiserra.com.br\/index.php\/wp-json\/wp\/v2\/posts\/2679\/revisions\/2684"}],"wp:featuredmedia":[{"embeddable":true,"href":"https:\/\/www.jornalnotiserra.com.br\/index.php\/wp-json\/wp\/v2\/media\/2683"}],"wp:attachment":[{"href":"https:\/\/www.jornalnotiserra.com.br\/index.php\/wp-json\/wp\/v2\/media?parent=2679"}],"wp:term":[{"taxonomy":"category","embeddable":true,"href":"https:\/\/www.jornalnotiserra.com.br\/index.php\/wp-json\/wp\/v2\/categories?post=2679"},{"taxonomy":"post_tag","embeddable":true,"href":"https:\/\/www.jornalnotiserra.com.br\/index.php\/wp-json\/wp\/v2\/tags?post=2679"}],"curies":[{"name":"wp","href":"https:\/\/api.w.org\/{rel}","templated":true}]}}