{"id":2163,"date":"2019-08-30T01:25:54","date_gmt":"2019-08-30T01:25:54","guid":{"rendered":"https:\/\/www.jornalnotiserra.com.br\/?p=2163"},"modified":"2019-09-03T15:28:13","modified_gmt":"2019-09-03T15:28:13","slug":"processo-criminal-contra-acusado-pelo-desaparecimento-de-jacir-potrich-e-trancado","status":"publish","type":"post","link":"https:\/\/www.jornalnotiserra.com.br\/index.php\/2019\/08\/30\/processo-criminal-contra-acusado-pelo-desaparecimento-de-jacir-potrich-e-trancado\/","title":{"rendered":"Processo Criminal contra acusado pelo desaparecimento de Jacir Potrich \u00e9 trancado"},"content":{"rendered":"<p style=\"text-align: center;\"><strong>Ac\u00f3rd\u00e3o tamb\u00e9m conclui que \u201cse morte houve de Jacir Potrich n\u00e3o foi no condom\u00ednio\u201d<\/strong><\/p>\n<p>\u00a0\u00a0\u00a0\u00a0\u00a0\u00a0\u00a0\u00a0\u00a0\u00a0\u00a0\u00a0\u00a0\u00a0\u00a0 Um Habeas Corpus impetrado pela defesa de Carlos Patussi ao Tribunal de Justi\u00e7a, visando o trancamento da a\u00e7\u00e3o penal proposta contra o acusado, teve decis\u00e3o favor\u00e1vel na \u00faltima quarta-feira (28). A decis\u00e3o un\u00e2nime foi proferida pelos tr\u00eas desembargadores que comp\u00f5e a primeira turma da 1\u00aa C\u00e2mara Criminal, que concederam a ordem do Habeas Corpus e determinaram a cessa\u00e7\u00e3o de andamento da a\u00e7\u00e3o penal.<\/p>\n<p>Carlos Patussi era acusado como autor de homic\u00eddio triplamente qualificado pelo Minist\u00e9rio P\u00fablico de Encantado, pela morte do banc\u00e1rio Jacir Potrich. A a\u00e7\u00e3o proposta pelo Minist\u00e9rio P\u00fablico de Encantado foi recebida parcialmente pela ju\u00edza Jaqueline Bervian. Patussi tamb\u00e9m foi preso por duas vezes e solto por outros Habeas Corpus.<\/p>\n<p>Com isto, a defesa do acusado prop\u00f4s um outro Habeas Corpus perante a 1\u00aa C\u00e2mara do Tribunal de Justi\u00e7a, visando impedir o seguimento da a\u00e7\u00e3o penal, tendo sido acolhido o pedido proposto.<\/p>\n<p>Em entrevista concedida ao jornal Notiserra na tarde de quarta-feira (29), o advogado do acusado, Paulo Ol\u00edmpio Gomes de Souza, destacou que com esta decis\u00e3o, o processo contra Carlos Patussi foi trancado e n\u00e3o haver\u00e1 mais seguimento na 1\u00aa Vara Criminal de Encantado e que inclusive a audi\u00eancia que estava marcada para o dia 23 de outubro, n\u00e3o mais acontecer\u00e1. \u201cO que mudou com essa decis\u00e3o, \u00e9 que antes havia um processo criminal na 1\u00aa Vara Criminal de Encantado contra Carlos Patussi e que agora n\u00e3o h\u00e1 mais processo em andamento, porque entendeu o Tribunal de Justi\u00e7a, n\u00e3o haver justa causa para que ele seja processado\u201d, destacou.<\/p>\n<p>O advogado ainda explicou que \u201cem tese\u201d, que da decis\u00e3o, poder\u00e1 ser recorrida, caso o Minist\u00e9rio P\u00fablico assim entender, mas que somente poder\u00e1 ser feita por um Procurador de Justi\u00e7a em 2\u00ba grau, o qual poder\u00e1 ser encaminhado a Bras\u00edlia para o Superior Tribunal de Justi\u00e7a. Ainda enfatizou que estes recursos quando envolverem an\u00e1lise de provas, n\u00e3o ter\u00e3o seguimento.<\/p>\n<p>Essa decis\u00e3o acolhida pelo Tribunal de Justi\u00e7a est\u00e1 publicada em Ac\u00f3rd\u00e3o no Di\u00e1rio Oficial da Justi\u00e7a, no site do Tribunal, sob n\u00ba 70082203530, em que Carlos Patussi era paciente de coa\u00e7\u00e3o ilegal.<\/p>\n<p>Diz ainda o Ac\u00f3rd\u00e3o que ficou provado que por todas as per\u00edcias que foram procedidas, por tudo que foi investigado, \u00e9 que Carlos Patussi n\u00e3o seria o respons\u00e1vel pelo desaparecimento de Jacir Potrich e conclui que \u201cse morte houve de Jacir Potrich, n\u00e3o foi no condom\u00ednio\u201d.<\/p>\n<p><img loading=\"lazy\" class=\"alignnone size-thumbnail wp-image-2165\" src=\"https:\/\/www.jornalnotiserra.com.br\/wp-content\/uploads\/2019\/08\/Jacir-Potrich-150x150.jpg\" alt=\"\" width=\"150\" height=\"150\" srcset=\"https:\/\/www.jornalnotiserra.com.br\/wp-content\/uploads\/2019\/08\/Jacir-Potrich-150x150.jpg 150w, https:\/\/www.jornalnotiserra.com.br\/wp-content\/uploads\/2019\/08\/Jacir-Potrich-300x300.jpg 300w, https:\/\/www.jornalnotiserra.com.br\/wp-content\/uploads\/2019\/08\/Jacir-Potrich-100x100.jpg 100w\" sizes=\"(max-width: 150px) 100vw, 150px\" \/><\/p>\n<p>&nbsp;<\/p>\n<p>&nbsp;<\/p>\n","protected":false},"excerpt":{"rendered":"<p>Ac\u00f3rd\u00e3o tamb\u00e9m conclui que \u201cse morte houve de Jacir Potrich n\u00e3o foi no condom\u00ednio\u201d \u00a0\u00a0\u00a0\u00a0\u00a0\u00a0\u00a0\u00a0\u00a0\u00a0\u00a0\u00a0\u00a0\u00a0\u00a0 Um Habeas Corpus impetrado pela defesa de Carlos Patussi ao Tribunal de Justi\u00e7a, visando o trancamento da a\u00e7\u00e3o penal proposta contra o acusado, teve decis\u00e3o favor\u00e1vel na \u00faltima quarta-feira (28). A decis\u00e3o un\u00e2nime foi proferida pelos tr\u00eas desembargadores que comp\u00f5e&#8230;<\/p>\n","protected":false},"author":7,"featured_media":2164,"comment_status":"open","ping_status":"open","sticky":false,"template":"","format":"standard","meta":[],"categories":[44],"tags":[],"_links":{"self":[{"href":"https:\/\/www.jornalnotiserra.com.br\/index.php\/wp-json\/wp\/v2\/posts\/2163"}],"collection":[{"href":"https:\/\/www.jornalnotiserra.com.br\/index.php\/wp-json\/wp\/v2\/posts"}],"about":[{"href":"https:\/\/www.jornalnotiserra.com.br\/index.php\/wp-json\/wp\/v2\/types\/post"}],"author":[{"embeddable":true,"href":"https:\/\/www.jornalnotiserra.com.br\/index.php\/wp-json\/wp\/v2\/users\/7"}],"replies":[{"embeddable":true,"href":"https:\/\/www.jornalnotiserra.com.br\/index.php\/wp-json\/wp\/v2\/comments?post=2163"}],"version-history":[{"count":2,"href":"https:\/\/www.jornalnotiserra.com.br\/index.php\/wp-json\/wp\/v2\/posts\/2163\/revisions"}],"predecessor-version":[{"id":2234,"href":"https:\/\/www.jornalnotiserra.com.br\/index.php\/wp-json\/wp\/v2\/posts\/2163\/revisions\/2234"}],"wp:featuredmedia":[{"embeddable":true,"href":"https:\/\/www.jornalnotiserra.com.br\/index.php\/wp-json\/wp\/v2\/media\/2164"}],"wp:attachment":[{"href":"https:\/\/www.jornalnotiserra.com.br\/index.php\/wp-json\/wp\/v2\/media?parent=2163"}],"wp:term":[{"taxonomy":"category","embeddable":true,"href":"https:\/\/www.jornalnotiserra.com.br\/index.php\/wp-json\/wp\/v2\/categories?post=2163"},{"taxonomy":"post_tag","embeddable":true,"href":"https:\/\/www.jornalnotiserra.com.br\/index.php\/wp-json\/wp\/v2\/tags?post=2163"}],"curies":[{"name":"wp","href":"https:\/\/api.w.org\/{rel}","templated":true}]}}