{"id":1767,"date":"2019-03-12T19:56:07","date_gmt":"2019-03-12T19:56:07","guid":{"rendered":"https:\/\/www.jornalnotiserra.com.br\/?p=1767"},"modified":"2019-03-12T21:36:23","modified_gmt":"2019-03-12T21:36:23","slug":"homem-e-preso-em-arvorezinha-por-embriaguez-ao-volante","status":"publish","type":"post","link":"https:\/\/www.jornalnotiserra.com.br\/index.php\/2019\/03\/12\/homem-e-preso-em-arvorezinha-por-embriaguez-ao-volante\/","title":{"rendered":"Homem \u00e9 preso em Arvorezinha por embriaguez ao volante"},"content":{"rendered":"<p>Foi preso nesta ter\u00e7a-feira (12), em Arvorezinha, um homem de 44 anos pelo crime de embriaguez ao volante. O preso possu\u00eda em seu desfavor mandado de pris\u00e3o.<\/p>\n<p>A Pol\u00edcia Civil, por meio da Delegacia de Pol\u00edcia de Arvorezinha, sob a coordena\u00e7\u00e3o do delegado de Pol\u00edcia M\u00e1rcio Marodin, efetuou a pris\u00e3o na \u00e1rea central de Arvorezinha, ap\u00f3s os procedimentos legais ser\u00e1 encaminhado ao Pres\u00eddio Estadual de Soledade.<br \/>\nParticiparam dos trabalhos, policiais civis de Arvorezinha, Il\u00f3polis e Putinga.<\/p>\n<p>&nbsp;<\/p>\n","protected":false},"excerpt":{"rendered":"<p>Foi preso nesta ter\u00e7a-feira (12), em Arvorezinha, um homem de 44 anos pelo crime de embriaguez ao volante. O preso possu\u00eda em seu desfavor mandado de pris\u00e3o. A Pol\u00edcia Civil, por meio da Delegacia de Pol\u00edcia de Arvorezinha, sob a coordena\u00e7\u00e3o do delegado de Pol\u00edcia M\u00e1rcio Marodin, efetuou a pris\u00e3o na \u00e1rea central de Arvorezinha,&#8230;<\/p>\n","protected":false},"author":7,"featured_media":1768,"comment_status":"open","ping_status":"open","sticky":false,"template":"","format":"standard","meta":[],"categories":[45],"tags":[],"_links":{"self":[{"href":"https:\/\/www.jornalnotiserra.com.br\/index.php\/wp-json\/wp\/v2\/posts\/1767"}],"collection":[{"href":"https:\/\/www.jornalnotiserra.com.br\/index.php\/wp-json\/wp\/v2\/posts"}],"about":[{"href":"https:\/\/www.jornalnotiserra.com.br\/index.php\/wp-json\/wp\/v2\/types\/post"}],"author":[{"embeddable":true,"href":"https:\/\/www.jornalnotiserra.com.br\/index.php\/wp-json\/wp\/v2\/users\/7"}],"replies":[{"embeddable":true,"href":"https:\/\/www.jornalnotiserra.com.br\/index.php\/wp-json\/wp\/v2\/comments?post=1767"}],"version-history":[{"count":2,"href":"https:\/\/www.jornalnotiserra.com.br\/index.php\/wp-json\/wp\/v2\/posts\/1767\/revisions"}],"predecessor-version":[{"id":1770,"href":"https:\/\/www.jornalnotiserra.com.br\/index.php\/wp-json\/wp\/v2\/posts\/1767\/revisions\/1770"}],"wp:featuredmedia":[{"embeddable":true,"href":"https:\/\/www.jornalnotiserra.com.br\/index.php\/wp-json\/wp\/v2\/media\/1768"}],"wp:attachment":[{"href":"https:\/\/www.jornalnotiserra.com.br\/index.php\/wp-json\/wp\/v2\/media?parent=1767"}],"wp:term":[{"taxonomy":"category","embeddable":true,"href":"https:\/\/www.jornalnotiserra.com.br\/index.php\/wp-json\/wp\/v2\/categories?post=1767"},{"taxonomy":"post_tag","embeddable":true,"href":"https:\/\/www.jornalnotiserra.com.br\/index.php\/wp-json\/wp\/v2\/tags?post=1767"}],"curies":[{"name":"wp","href":"https:\/\/api.w.org\/{rel}","templated":true}]}}